{"id":26422,"date":"2020-07-03T13:32:06","date_gmt":"2020-07-03T16:32:06","guid":{"rendered":"https:\/\/www.portalalerta.com.br\/?p=26422"},"modified":"2020-07-03T13:32:06","modified_gmt":"2020-07-03T16:32:06","slug":"stf-estabelece-prazo-de-5-dias-para-pazuello-se-manifestar-sobre-protocolo-da-cloroquina","status":"publish","type":"post","link":"https:\/\/www.portalalerta.com.br\/index.php\/2020\/07\/03\/stf-estabelece-prazo-de-5-dias-para-pazuello-se-manifestar-sobre-protocolo-da-cloroquina\/","title":{"rendered":"STF estabelece prazo de 5 dias para Pazuello se manifestar sobre protocolo da cloroquina"},"content":{"rendered":"<p style=\"text-align: justify;\">O ministro Celso de Mello, do\u00a0STF (Supremo Tribunal Federal), deu prazo de cinco dias para que o ministro interino da Sa\u00fade,\u00a0Eduardo Pazuello, preste informa\u00e7\u00f5es em uma a\u00e7\u00e3o que cobra a suspens\u00e3o imediata do protocolo adotado pela pasta que permite o uso da\u00a0cloroquina e da hidroxicloroquina\u00a0no tratamento da Covid-19, mesmo para casos leves da doen\u00e7a.<!--more--><\/p>\n<p style=\"text-align: justify;\">&#8220;Requisitem-se pr\u00e9vias informa\u00e7\u00f5es ao senhor ministro de Estado da Sa\u00fade, que dever\u00e1 prest\u00e1-las no prazo de cinco dias, manifestando-se, inclusive, sobre a cognoscibilidade da presente argui\u00e7\u00e3o de descumprimento de preceito fundamental&#8221;, disse o ministro em despacho.<\/p>\n<p style=\"text-align: justify;\">A manifesta\u00e7\u00e3o do decano do Supremo se deu em uma a\u00e7\u00e3o movida pela Confedera\u00e7\u00e3o Nacional dos Trabalhadores em Sa\u00fade (CNTS) e pela Federa\u00e7\u00e3o Nacional dos Farmac\u00eauticos para suspender o protocolo mais recente da cloroquina divulgado pelo minist\u00e9rio.<\/p>\n<p style=\"text-align: justify;\"><img fetchpriority=\"high\" decoding=\"async\" class=\"size-thumbnail wp-image-9394 alignleft\" src=\"https:\/\/www.portalalerta.com.br\/wp-content\/uploads\/2018\/07\/05elab-320x240.jpg\" alt=\"\" width=\"320\" height=\"240\" srcset=\"https:\/\/www.portalalerta.com.br\/wp-content\/uploads\/2018\/07\/05elab-320x240.jpg 320w, https:\/\/www.portalalerta.com.br\/wp-content\/uploads\/2018\/07\/05elab-195x146.jpg 195w, https:\/\/www.portalalerta.com.br\/wp-content\/uploads\/2018\/07\/05elab-50x38.jpg 50w, https:\/\/www.portalalerta.com.br\/wp-content\/uploads\/2018\/07\/05elab-100x75.jpg 100w, https:\/\/www.portalalerta.com.br\/wp-content\/uploads\/2018\/07\/05elab.jpg 400w\" sizes=\"(max-width: 320px) 100vw, 320px\" \/>A mudan\u00e7a do protocolo ocorreu ap\u00f3s press\u00e3o do\u00a0presidente Jair Bolsonaro\u00a0a favor da cloroquina, apesar da falta de evid\u00eancias cient\u00edficas de efic\u00e1cia do medicamento para tratar a Covid-19, e foi uma das causas da sa\u00edda de Nelson Teich do comando do Minist\u00e9rio da Sa\u00fade em meados de maio.<\/p>\n<p style=\"text-align: justify;\">Em entrevista coletiva no Pal\u00e1cio do Planalto, o secret\u00e1rio-executivo do Minist\u00e9rio da Sa\u00fade, \u00c9lcio Franco, voltou a defender o uso da cloroquina ao ser questionado sobre a decis\u00e3o de Celso de Mello.<\/p>\n<p style=\"text-align: justify;\">&#8220;Acredito que, se o ministro Celso de Mello tiver assistido a essa entrevista coletiva, ele vai dispensar o questionamento ao nosso ministro. Da mesma forma que acredito que a resposta do ministro interino, general Pazuello, ao ministro Celso de Mello ser\u00e1 baseada em tudo que foi apresentado aqui, s\u00e3o as mesmas evid\u00eancias, os mesmos dados&#8221;, disse \u00c9lcio Franco.<\/p>\n<p style=\"text-align: justify;\">Na decis\u00e3o, Celso ainda excluiu a participa\u00e7\u00e3o da Federa\u00e7\u00e3o Nacional dos Farmac\u00eauticos na a\u00e7\u00e3o por entender que ela n\u00e3o tem compet\u00eancia prevista em lei para mover a\u00e7\u00f5es perante o Supremo. Dessa forma, somente a confedera\u00e7\u00e3o vai permanecer no processo.<\/p>\n<p style=\"text-align: justify;\"><em>Fonte: Yahoo Not\u00edcias<\/em><\/p>\n","protected":false},"excerpt":{"rendered":"<p>O ministro Celso de Mello, do\u00a0STF (Supremo Tribunal Federal), deu prazo de cinco dias para que o ministro interino da Sa\u00fade,\u00a0Eduardo Pazuello, preste informa\u00e7\u00f5es em uma a\u00e7\u00e3o que cobra a suspens\u00e3o imediata do protocolo adotado pela pasta que permite o uso da\u00a0cloroquina e da hidroxicloroquina\u00a0no tratamento da Covid-19, mesmo para casos leves da doen\u00e7a.<\/p>\n","protected":false},"author":2,"featured_media":24292,"comment_status":"open","ping_status":"open","sticky":false,"template":"","format":"standard","meta":{"om_disable_all_campaigns":false,"_monsterinsights_skip_tracking":false,"_monsterinsights_sitenote_active":false,"_monsterinsights_sitenote_note":"","_monsterinsights_sitenote_category":0,"footnotes":""},"categories":[34,70,69,21,19],"tags":[93,3429,3486,3661,3494,635,1885,61,216],"class_list":["post-26422","post","type-post","status-publish","format-standard","has-post-thumbnail","hentry","category-brasil","category-destaques","category-noticias2","category-politica","category-saude","tag-brasil","tag-coronavirus","tag-covid-19","tag-eduardo-pazuello","tag-hidroxicloroquina","tag-ministerio-da-saude","tag-ministro-da-saude","tag-saude","tag-stf"],"aioseo_notices":[],"_links":{"self":[{"href":"https:\/\/www.portalalerta.com.br\/index.php\/wp-json\/wp\/v2\/posts\/26422","targetHints":{"allow":["GET"]}}],"collection":[{"href":"https:\/\/www.portalalerta.com.br\/index.php\/wp-json\/wp\/v2\/posts"}],"about":[{"href":"https:\/\/www.portalalerta.com.br\/index.php\/wp-json\/wp\/v2\/types\/post"}],"author":[{"embeddable":true,"href":"https:\/\/www.portalalerta.com.br\/index.php\/wp-json\/wp\/v2\/users\/2"}],"replies":[{"embeddable":true,"href":"https:\/\/www.portalalerta.com.br\/index.php\/wp-json\/wp\/v2\/comments?post=26422"}],"version-history":[{"count":1,"href":"https:\/\/www.portalalerta.com.br\/index.php\/wp-json\/wp\/v2\/posts\/26422\/revisions"}],"predecessor-version":[{"id":26423,"href":"https:\/\/www.portalalerta.com.br\/index.php\/wp-json\/wp\/v2\/posts\/26422\/revisions\/26423"}],"wp:featuredmedia":[{"embeddable":true,"href":"https:\/\/www.portalalerta.com.br\/index.php\/wp-json\/wp\/v2\/media\/24292"}],"wp:attachment":[{"href":"https:\/\/www.portalalerta.com.br\/index.php\/wp-json\/wp\/v2\/media?parent=26422"}],"wp:term":[{"taxonomy":"category","embeddable":true,"href":"https:\/\/www.portalalerta.com.br\/index.php\/wp-json\/wp\/v2\/categories?post=26422"},{"taxonomy":"post_tag","embeddable":true,"href":"https:\/\/www.portalalerta.com.br\/index.php\/wp-json\/wp\/v2\/tags?post=26422"}],"curies":[{"name":"wp","href":"https:\/\/api.w.org\/{rel}","templated":true}]}}