{"id":26429,"date":"2020-07-03T14:08:46","date_gmt":"2020-07-03T17:08:46","guid":{"rendered":"https:\/\/www.portalalerta.com.br\/?p=26429"},"modified":"2020-07-03T14:08:46","modified_gmt":"2020-07-03T17:08:46","slug":"homem-e-preso-com-arma-de-fogo-em-tucano-ba","status":"publish","type":"post","link":"https:\/\/www.portalalerta.com.br\/index.php\/2020\/07\/03\/homem-e-preso-com-arma-de-fogo-em-tucano-ba\/","title":{"rendered":"Homem \u00e9 preso com arma de fogo, em Tucano-BA"},"content":{"rendered":"<p style=\"text-align: justify;\">Por volta das 22:00hs da \u00faltima quinta-feira, 02, Guardas Civis Municipais de Tucano-BA que realizavam rondas de rotina no bairro entroncamento, prenderam um homem de 27 anos, pelo crime de Porte Ilegal de Arma de fogo.<!--more--><\/p>\n<p style=\"text-align: justify;\"><img fetchpriority=\"high\" decoding=\"async\" class=\"size-thumbnail wp-image-4869 aligncenter\" src=\"https:\/\/www.portalalerta.com.br\/wp-content\/uploads\/2018\/02\/Auto-Escola-Nobre-720x181.jpg\" alt=\"\" width=\"720\" height=\"181\" srcset=\"https:\/\/www.portalalerta.com.br\/wp-content\/uploads\/2018\/02\/Auto-Escola-Nobre.jpg 720w, https:\/\/www.portalalerta.com.br\/wp-content\/uploads\/2018\/02\/Auto-Escola-Nobre-260x65.jpg 260w, https:\/\/www.portalalerta.com.br\/wp-content\/uploads\/2018\/02\/Auto-Escola-Nobre-50x13.jpg 50w, https:\/\/www.portalalerta.com.br\/wp-content\/uploads\/2018\/02\/Auto-Escola-Nobre-150x38.jpg 150w\" sizes=\"(max-width: 720px) 100vw, 720px\" \/>A pris\u00e3o ocorreu durante a fiscaliza\u00e7\u00e3o do cumprimento ao Decreto Municipal por conta da Covid-19. Com o suspeito, identificado pelo prenome Jairo, foi encontrado um rev\u00f3lver cal. 38, contendo seis muni\u00e7\u00f5es intactas. Ainda no bolso do rapaz, foi encontrada mais uma muni\u00e7\u00e3o do mesmo calibre, intacta.<\/p>\n<p style=\"text-align: justify;\">Tanto Jairo, quanto a arma de fogo e as muni\u00e7\u00f5es, foram conduzidos para o Complexo Policial de Euclides da Cunha-BA onde o flagrante foi registrado.<\/p>\n<p style=\"text-align: justify;\"><em>Reda\u00e7\u00e3o: Portal Alerta<\/em><\/p>\n<p style=\"text-align: justify;\"><strong><em>#fiqueemcasa<\/em><\/strong><\/p>\n<p style=\"text-align: justify;\"><strong><em>#usemascaras<\/em><\/strong><\/p>\n","protected":false},"excerpt":{"rendered":"<p>Por volta das 22:00hs da \u00faltima quinta-feira, 02, Guardas Civis Municipais de Tucano-BA que realizavam rondas de rotina no bairro entroncamento, prenderam um homem de 27 anos, pelo crime de Porte Ilegal de Arma de fogo.<\/p>\n","protected":false},"author":2,"featured_media":26430,"comment_status":"open","ping_status":"open","sticky":false,"template":"","format":"standard","meta":{"om_disable_all_campaigns":false,"_monsterinsights_skip_tracking":false,"_monsterinsights_sitenote_active":false,"_monsterinsights_sitenote_note":"","_monsterinsights_sitenote_category":0,"footnotes":""},"categories":[70,69,32,22,12],"tags":[313,83,77,190],"class_list":["post-26429","post","type-post","status-publish","format-standard","has-post-thumbnail","hentry","category-destaques","category-noticias2","category-regiao","category-seguranca","category-tucano","tag-gcm","tag-porte-ilegal-de-arma-de-fogo","tag-preso","tag-tucano"],"aioseo_notices":[],"_links":{"self":[{"href":"https:\/\/www.portalalerta.com.br\/index.php\/wp-json\/wp\/v2\/posts\/26429","targetHints":{"allow":["GET"]}}],"collection":[{"href":"https:\/\/www.portalalerta.com.br\/index.php\/wp-json\/wp\/v2\/posts"}],"about":[{"href":"https:\/\/www.portalalerta.com.br\/index.php\/wp-json\/wp\/v2\/types\/post"}],"author":[{"embeddable":true,"href":"https:\/\/www.portalalerta.com.br\/index.php\/wp-json\/wp\/v2\/users\/2"}],"replies":[{"embeddable":true,"href":"https:\/\/www.portalalerta.com.br\/index.php\/wp-json\/wp\/v2\/comments?post=26429"}],"version-history":[{"count":1,"href":"https:\/\/www.portalalerta.com.br\/index.php\/wp-json\/wp\/v2\/posts\/26429\/revisions"}],"predecessor-version":[{"id":26431,"href":"https:\/\/www.portalalerta.com.br\/index.php\/wp-json\/wp\/v2\/posts\/26429\/revisions\/26431"}],"wp:featuredmedia":[{"embeddable":true,"href":"https:\/\/www.portalalerta.com.br\/index.php\/wp-json\/wp\/v2\/media\/26430"}],"wp:attachment":[{"href":"https:\/\/www.portalalerta.com.br\/index.php\/wp-json\/wp\/v2\/media?parent=26429"}],"wp:term":[{"taxonomy":"category","embeddable":true,"href":"https:\/\/www.portalalerta.com.br\/index.php\/wp-json\/wp\/v2\/categories?post=26429"},{"taxonomy":"post_tag","embeddable":true,"href":"https:\/\/www.portalalerta.com.br\/index.php\/wp-json\/wp\/v2\/tags?post=26429"}],"curies":[{"name":"wp","href":"https:\/\/api.w.org\/{rel}","templated":true}]}}