{"id":26467,"date":"2020-07-04T15:27:46","date_gmt":"2020-07-04T18:27:46","guid":{"rendered":"https:\/\/www.portalalerta.com.br\/?p=26467"},"modified":"2020-07-04T15:32:38","modified_gmt":"2020-07-04T18:32:38","slug":"1ribeira-do-pombal-ba-tem-o-maior-numero-de-curados-da-covid-19-desde-o-inicio-da-pandemia","status":"publish","type":"post","link":"https:\/\/www.portalalerta.com.br\/index.php\/2020\/07\/04\/1ribeira-do-pombal-ba-tem-o-maior-numero-de-curados-da-covid-19-desde-o-inicio-da-pandemia\/","title":{"rendered":"Coronav\u00edrus: \u00cdndice de cura em Ribeira do Pombal-BA chega a 57%"},"content":{"rendered":"<p style=\"text-align: justify;\">O \u00faltimo Boletim Epidemiol\u00f3gico divulgado em Ribeira do Pombal-BA, confirmou mais cinco novos casos de Covid-19 no munic\u00edpio. Al\u00e9m disso, tamb\u00e9m foi divulgado que mais oito, dos infectados, est\u00e3o curados<!--more--><\/p>\n<p style=\"text-align: justify;\"><img fetchpriority=\"high\" decoding=\"async\" class=\"size-thumbnail wp-image-9394 alignleft\" src=\"https:\/\/www.portalalerta.com.br\/wp-content\/uploads\/2018\/07\/05elab-320x240.jpg\" alt=\"\" width=\"320\" height=\"240\" srcset=\"https:\/\/www.portalalerta.com.br\/wp-content\/uploads\/2018\/07\/05elab-320x240.jpg 320w, https:\/\/www.portalalerta.com.br\/wp-content\/uploads\/2018\/07\/05elab-195x146.jpg 195w, https:\/\/www.portalalerta.com.br\/wp-content\/uploads\/2018\/07\/05elab-50x38.jpg 50w, https:\/\/www.portalalerta.com.br\/wp-content\/uploads\/2018\/07\/05elab-100x75.jpg 100w, https:\/\/www.portalalerta.com.br\/wp-content\/uploads\/2018\/07\/05elab.jpg 400w\" sizes=\"(max-width: 320px) 100vw, 320px\" \/>Desta forma, Ribeira do Pombal-BA chegou \u00e0 marca de 139 casos confirmados, sendo 58 ativos (42%), 80 curados (57%), e 01 \u00f3bito (1%).<\/p>\n<p style=\"text-align: justify;\">Das ultimas confirma\u00e7\u00f5es, quatro dos novos pacientes diagnosticados com a doen\u00e7a, s\u00e3o contactantes de confirma\u00e7\u00f5es anteriores, e o quinto caso se refere a uma profissional de sa\u00fade, que teve contato com um paciente infectado com a doen\u00e7a em outro munic\u00edpio.<\/p>\n<p style=\"text-align: justify;\"><a href=\"https:\/\/www.portalalerta.com.br\/index.php\/2020\/05\/26\/saiba-como-esta-a-evolucao-do-covid-19-em-ribeira-do-pombal-ba\/\"><strong style=\"font-style: inherit;\">Clique aqui e saiba como est\u00e1 a evolu\u00e7\u00e3o do Covid-19 em Ribeira do Pombal-BA<\/strong><\/a><\/p>\n<p style=\"text-align: justify;\"><em style=\"font-weight: inherit;\">Reda\u00e7\u00e3o: Portal Alerta<\/em><\/p>\n<p style=\"text-align: justify;\"><strong style=\"font-style: inherit;\"><em>#fiqueemcasa\u00a0\u00a0\u00a0\u00a0<\/em><\/strong><\/p>\n<p style=\"text-align: justify;\"><strong style=\"font-style: inherit;\"><em>#usemascaras<\/em><\/strong><\/p>\n","protected":false},"excerpt":{"rendered":"<p>O \u00faltimo Boletim Epidemiol\u00f3gico divulgado em Ribeira do Pombal-BA, confirmou mais cinco novos casos de Covid-19 no munic\u00edpio. Al\u00e9m disso, tamb\u00e9m foi divulgado que mais oito, dos infectados, est\u00e3o curados<\/p>\n","protected":false},"author":2,"featured_media":23116,"comment_status":"open","ping_status":"open","sticky":false,"template":"","format":"standard","meta":{"om_disable_all_campaigns":false,"_monsterinsights_skip_tracking":false,"_monsterinsights_sitenote_active":false,"_monsterinsights_sitenote_note":"","_monsterinsights_sitenote_category":0,"footnotes":""},"categories":[70,69,32,3,19],"tags":[3429,3486,47,61],"class_list":["post-26467","post","type-post","status-publish","format-standard","has-post-thumbnail","hentry","category-destaques","category-noticias2","category-regiao","category-ribeira-do-pombal","category-saude","tag-coronavirus","tag-covid-19","tag-ribeira-do-pombal","tag-saude"],"aioseo_notices":[],"_links":{"self":[{"href":"https:\/\/www.portalalerta.com.br\/index.php\/wp-json\/wp\/v2\/posts\/26467","targetHints":{"allow":["GET"]}}],"collection":[{"href":"https:\/\/www.portalalerta.com.br\/index.php\/wp-json\/wp\/v2\/posts"}],"about":[{"href":"https:\/\/www.portalalerta.com.br\/index.php\/wp-json\/wp\/v2\/types\/post"}],"author":[{"embeddable":true,"href":"https:\/\/www.portalalerta.com.br\/index.php\/wp-json\/wp\/v2\/users\/2"}],"replies":[{"embeddable":true,"href":"https:\/\/www.portalalerta.com.br\/index.php\/wp-json\/wp\/v2\/comments?post=26467"}],"version-history":[{"count":3,"href":"https:\/\/www.portalalerta.com.br\/index.php\/wp-json\/wp\/v2\/posts\/26467\/revisions"}],"predecessor-version":[{"id":26470,"href":"https:\/\/www.portalalerta.com.br\/index.php\/wp-json\/wp\/v2\/posts\/26467\/revisions\/26470"}],"wp:featuredmedia":[{"embeddable":true,"href":"https:\/\/www.portalalerta.com.br\/index.php\/wp-json\/wp\/v2\/media\/23116"}],"wp:attachment":[{"href":"https:\/\/www.portalalerta.com.br\/index.php\/wp-json\/wp\/v2\/media?parent=26467"}],"wp:term":[{"taxonomy":"category","embeddable":true,"href":"https:\/\/www.portalalerta.com.br\/index.php\/wp-json\/wp\/v2\/categories?post=26467"},{"taxonomy":"post_tag","embeddable":true,"href":"https:\/\/www.portalalerta.com.br\/index.php\/wp-json\/wp\/v2\/tags?post=26467"}],"curies":[{"name":"wp","href":"https:\/\/api.w.org\/{rel}","templated":true}]}}