{"id":26471,"date":"2020-07-04T15:38:29","date_gmt":"2020-07-04T18:38:29","guid":{"rendered":"https:\/\/www.portalalerta.com.br\/?p=26471"},"modified":"2020-07-04T15:38:29","modified_gmt":"2020-07-04T18:38:29","slug":"acm-neto-brasil-ja-teria-superado-fase-critica-do-coronavirus-se-autoridades-tivessem-se-unido","status":"publish","type":"post","link":"https:\/\/www.portalalerta.com.br\/index.php\/2020\/07\/04\/acm-neto-brasil-ja-teria-superado-fase-critica-do-coronavirus-se-autoridades-tivessem-se-unido\/","title":{"rendered":"ACM Neto: \u2018Brasil j\u00e1 teria superado fase cr\u00edtica do coronav\u00edrus se autoridades tivessem se unido\u2019"},"content":{"rendered":"<p style=\"text-align: justify;\">O prefeito de Salvador, ACM Neto, afirmou na \u00faltima quinta-feira, 2, durante transmiss\u00e3o ao vivo, que o Brasil estaria vivendo um cen\u00e1rio muito melhor em rela\u00e7\u00e3o ao coronav\u00edrus se a popula\u00e7\u00e3o respeitasse o isolamento social e todos os representantes pol\u00edticos tivessem adotado um mesmo discurso, a come\u00e7ar pelo governo Jair Bolsonaro.<!--more--><\/p>\n<p style=\"text-align: justify;\"><img fetchpriority=\"high\" decoding=\"async\" class=\"size-thumbnail wp-image-4869 aligncenter\" src=\"https:\/\/www.portalalerta.com.br\/wp-content\/uploads\/2018\/02\/Auto-Escola-Nobre-720x181.jpg\" alt=\"\" width=\"720\" height=\"181\" srcset=\"https:\/\/www.portalalerta.com.br\/wp-content\/uploads\/2018\/02\/Auto-Escola-Nobre.jpg 720w, https:\/\/www.portalalerta.com.br\/wp-content\/uploads\/2018\/02\/Auto-Escola-Nobre-260x65.jpg 260w, https:\/\/www.portalalerta.com.br\/wp-content\/uploads\/2018\/02\/Auto-Escola-Nobre-50x13.jpg 50w, https:\/\/www.portalalerta.com.br\/wp-content\/uploads\/2018\/02\/Auto-Escola-Nobre-150x38.jpg 150w\" sizes=\"(max-width: 720px) 100vw, 720px\" \/>\u201cAs grandes na\u00e7\u00f5es economicamente desenvolvidas do planeta, que foram atingidas pela Covid-19, em geral, depois de 40 dias conseguiram reduzir de maneira significativa a taxa de crescimento do v\u00edrus e, com isso, sa\u00edram mais r\u00e1pido dessa situa\u00e7\u00e3o dif\u00edcil. N\u00f3s vamos completar 120 dias. Se no Brasil n\u00f3s tiv\u00e9ssemos feito um isolamento adequado, em que todas as autoridades falassem a mesma l\u00edngua, principalmente o comando que vem da autoridade central, do governo federal, e se todos tivessem se unido, o pa\u00eds j\u00e1 teria superado a fase cr\u00edtica e j\u00e1 estar\u00edamos em um momento de retomada da conviv\u00eancia e da atividade econ\u00f4mica\u201d, opinou Neto.<\/p>\n<p style=\"text-align: justify;\">O tamb\u00e9m presidente nacional do DEM disse que n\u00e3o vai \u201cfraquejar\u201d no combate ao coronav\u00edrus na capital baiana. \u201cNo que depender de mim, das minhas decis\u00f5es e do meu esfor\u00e7o, n\u00e3o vamos fraquejar um minuto sequer, n\u00f3s vamos lutar por cada vida\u201d, afirmou.<\/p>\n<p style=\"text-align: justify;\"><em>Fonte: Metro1<\/em><\/p>\n","protected":false},"excerpt":{"rendered":"<p>O prefeito de Salvador, ACM Neto, afirmou na \u00faltima quinta-feira, 2, durante transmiss\u00e3o ao vivo, que o Brasil estaria vivendo um cen\u00e1rio muito melhor em rela\u00e7\u00e3o ao coronav\u00edrus se a popula\u00e7\u00e3o respeitasse o isolamento social e todos os representantes pol\u00edticos tivessem adotado um mesmo discurso, a come\u00e7ar pelo governo Jair Bolsonaro.<\/p>\n","protected":false},"author":2,"featured_media":8351,"comment_status":"open","ping_status":"open","sticky":false,"template":"","format":"standard","meta":{"om_disable_all_campaigns":false,"_monsterinsights_skip_tracking":false,"_monsterinsights_sitenote_active":false,"_monsterinsights_sitenote_note":"","_monsterinsights_sitenote_category":0,"footnotes":""},"categories":[33,34,70,69,21,19],"tags":[722,54,93,3429,3486,1556,1395,330,61],"class_list":["post-26471","post","type-post","status-publish","format-standard","has-post-thumbnail","hentry","category-bahia","category-brasil","category-destaques","category-noticias2","category-politica","category-saude","tag-acm-neto","tag-bahia","tag-brasil","tag-coronavirus","tag-covid-19","tag-dem","tag-jair-bolsonaro","tag-salvador","tag-saude"],"aioseo_notices":[],"_links":{"self":[{"href":"https:\/\/www.portalalerta.com.br\/index.php\/wp-json\/wp\/v2\/posts\/26471","targetHints":{"allow":["GET"]}}],"collection":[{"href":"https:\/\/www.portalalerta.com.br\/index.php\/wp-json\/wp\/v2\/posts"}],"about":[{"href":"https:\/\/www.portalalerta.com.br\/index.php\/wp-json\/wp\/v2\/types\/post"}],"author":[{"embeddable":true,"href":"https:\/\/www.portalalerta.com.br\/index.php\/wp-json\/wp\/v2\/users\/2"}],"replies":[{"embeddable":true,"href":"https:\/\/www.portalalerta.com.br\/index.php\/wp-json\/wp\/v2\/comments?post=26471"}],"version-history":[{"count":1,"href":"https:\/\/www.portalalerta.com.br\/index.php\/wp-json\/wp\/v2\/posts\/26471\/revisions"}],"predecessor-version":[{"id":26472,"href":"https:\/\/www.portalalerta.com.br\/index.php\/wp-json\/wp\/v2\/posts\/26471\/revisions\/26472"}],"wp:featuredmedia":[{"embeddable":true,"href":"https:\/\/www.portalalerta.com.br\/index.php\/wp-json\/wp\/v2\/media\/8351"}],"wp:attachment":[{"href":"https:\/\/www.portalalerta.com.br\/index.php\/wp-json\/wp\/v2\/media?parent=26471"}],"wp:term":[{"taxonomy":"category","embeddable":true,"href":"https:\/\/www.portalalerta.com.br\/index.php\/wp-json\/wp\/v2\/categories?post=26471"},{"taxonomy":"post_tag","embeddable":true,"href":"https:\/\/www.portalalerta.com.br\/index.php\/wp-json\/wp\/v2\/tags?post=26471"}],"curies":[{"name":"wp","href":"https:\/\/api.w.org\/{rel}","templated":true}]}}