{"id":26494,"date":"2020-07-04T20:40:09","date_gmt":"2020-07-04T23:40:09","guid":{"rendered":"https:\/\/www.portalalerta.com.br\/?p=26494"},"modified":"2020-07-04T20:40:09","modified_gmt":"2020-07-04T23:40:09","slug":"hospital-de-campanha-do-fazendao-encerra-atividades-ate-domingo","status":"publish","type":"post","link":"https:\/\/www.portalalerta.com.br\/index.php\/2020\/07\/04\/hospital-de-campanha-do-fazendao-encerra-atividades-ate-domingo\/","title":{"rendered":"Hospital de Campanha do Fazend\u00e3o encerra atividades at\u00e9 domingo"},"content":{"rendered":"<p style=\"text-align: justify;\">O Hospital de Campanha do Fazend\u00e3o, em Salvador, vai encerrar as atividades at\u00e9 domingo (5). A unidade atende pacientes de baixa complexidade, cr\u00f4nicos e de longa dura\u00e7\u00e3o sem suspeita ou confirma\u00e7\u00e3o de estar com coronav\u00edrus.<!--more--><\/p>\n<p style=\"text-align: justify;\">Cerca de 100 pacientes cr\u00f4nicos e de longa dura\u00e7\u00e3o foram atendidos no espa\u00e7o. Nenhum dos que deram entrada foi contaminado pela Covid-19.<\/p>\n<p style=\"text-align: justify;\"><img fetchpriority=\"high\" decoding=\"async\" class=\"size-thumbnail wp-image-25012 aligncenter\" src=\"https:\/\/www.portalalerta.com.br\/wp-content\/uploads\/2020\/06\/real-acordo.1-720x92.jpg\" alt=\"\" width=\"720\" height=\"92\" \/>Agora, os equipamentos do hospital ser\u00e3o redistribu\u00eddos para a rede estadual. J\u00e1 os profissionais de sa\u00fade que trabalhavam na unidade, v\u00e3o retornar aos centros estaduais de refer\u00eancia em Preven\u00e7\u00e3o e Reabilita\u00e7\u00e3o da Pessoa com Defici\u00eancia (Cepred), Diabetes (Cedeba) e Idoso (Creasi).<\/p>\n<p style=\"text-align: justify;\"><em>Fonte: Metro1<\/em><\/p>\n","protected":false},"excerpt":{"rendered":"<p>O Hospital de Campanha do Fazend\u00e3o, em Salvador, vai encerrar as atividades at\u00e9 domingo (5). A unidade atende pacientes de baixa complexidade, cr\u00f4nicos e de longa dura\u00e7\u00e3o sem suspeita ou confirma\u00e7\u00e3o de estar com coronav\u00edrus.<\/p>\n","protected":false},"author":2,"featured_media":26495,"comment_status":"open","ping_status":"open","sticky":false,"template":"","format":"standard","meta":{"om_disable_all_campaigns":false,"_monsterinsights_skip_tracking":false,"_monsterinsights_sitenote_active":false,"_monsterinsights_sitenote_note":"","_monsterinsights_sitenote_category":0,"footnotes":""},"categories":[33,70,69,19],"tags":[54,3429,3486,1693,3769,61],"class_list":["post-26494","post","type-post","status-publish","format-standard","has-post-thumbnail","hentry","category-bahia","category-destaques","category-noticias2","category-saude","tag-bahia","tag-coronavirus","tag-covid-19","tag-esporte-clube-bahia","tag-fazendao","tag-saude"],"aioseo_notices":[],"_links":{"self":[{"href":"https:\/\/www.portalalerta.com.br\/index.php\/wp-json\/wp\/v2\/posts\/26494","targetHints":{"allow":["GET"]}}],"collection":[{"href":"https:\/\/www.portalalerta.com.br\/index.php\/wp-json\/wp\/v2\/posts"}],"about":[{"href":"https:\/\/www.portalalerta.com.br\/index.php\/wp-json\/wp\/v2\/types\/post"}],"author":[{"embeddable":true,"href":"https:\/\/www.portalalerta.com.br\/index.php\/wp-json\/wp\/v2\/users\/2"}],"replies":[{"embeddable":true,"href":"https:\/\/www.portalalerta.com.br\/index.php\/wp-json\/wp\/v2\/comments?post=26494"}],"version-history":[{"count":1,"href":"https:\/\/www.portalalerta.com.br\/index.php\/wp-json\/wp\/v2\/posts\/26494\/revisions"}],"predecessor-version":[{"id":26496,"href":"https:\/\/www.portalalerta.com.br\/index.php\/wp-json\/wp\/v2\/posts\/26494\/revisions\/26496"}],"wp:featuredmedia":[{"embeddable":true,"href":"https:\/\/www.portalalerta.com.br\/index.php\/wp-json\/wp\/v2\/media\/26495"}],"wp:attachment":[{"href":"https:\/\/www.portalalerta.com.br\/index.php\/wp-json\/wp\/v2\/media?parent=26494"}],"wp:term":[{"taxonomy":"category","embeddable":true,"href":"https:\/\/www.portalalerta.com.br\/index.php\/wp-json\/wp\/v2\/categories?post=26494"},{"taxonomy":"post_tag","embeddable":true,"href":"https:\/\/www.portalalerta.com.br\/index.php\/wp-json\/wp\/v2\/tags?post=26494"}],"curies":[{"name":"wp","href":"https:\/\/api.w.org\/{rel}","templated":true}]}}