{"id":26500,"date":"2020-07-04T21:27:31","date_gmt":"2020-07-05T00:27:31","guid":{"rendered":"https:\/\/www.portalalerta.com.br\/?p=26500"},"modified":"2020-07-04T21:27:31","modified_gmt":"2020-07-05T00:27:31","slug":"ribeira-do-pombal-ba-registra-mais-dois-novos-casos-e-uma-cura-de-covid-19","status":"publish","type":"post","link":"https:\/\/www.portalalerta.com.br\/index.php\/2020\/07\/04\/ribeira-do-pombal-ba-registra-mais-dois-novos-casos-e-uma-cura-de-covid-19\/","title":{"rendered":"Ribeira do Pombal-BA registra mais dois novos casos, e uma cura, de Covid-19"},"content":{"rendered":"<p style=\"text-align: justify;\">No final da tarde deste s\u00e1bado, 04, a Secretaria de Sa\u00fade de Ribeira do Pombal-BA, divulgou mais um Boletim Epidemiol\u00f3gico, confirmando mais dois novos casos de Covid-19 (Coronav\u00edrus).<!--more--><\/p>\n<p style=\"text-align: justify;\">De acordo com uma nota divulgada pela Secretaria, os dois pacientes s\u00e3o profissionais da sa\u00fade, que tiveram contato com outros pacientes diagnosticados com a doen\u00e7a, em datas anteriores.<\/p>\n<p style=\"text-align: justify;\"><img fetchpriority=\"high\" decoding=\"async\" class=\"size-thumbnail wp-image-9394 alignleft\" src=\"https:\/\/www.portalalerta.com.br\/wp-content\/uploads\/2018\/07\/05elab-320x240.jpg\" alt=\"\" width=\"320\" height=\"240\" srcset=\"https:\/\/www.portalalerta.com.br\/wp-content\/uploads\/2018\/07\/05elab-320x240.jpg 320w, https:\/\/www.portalalerta.com.br\/wp-content\/uploads\/2018\/07\/05elab-195x146.jpg 195w, https:\/\/www.portalalerta.com.br\/wp-content\/uploads\/2018\/07\/05elab-50x38.jpg 50w, https:\/\/www.portalalerta.com.br\/wp-content\/uploads\/2018\/07\/05elab-100x75.jpg 100w, https:\/\/www.portalalerta.com.br\/wp-content\/uploads\/2018\/07\/05elab.jpg 400w\" sizes=\"(max-width: 320px) 100vw, 320px\" \/>Desta forma o munic\u00edpio concluiu a 11\u00aa semana, desde o primeiro caso registrado na cidade, como o per\u00edodo com maior n\u00famero de infectados (47), quatro a mais que na semana anterior (43). A not\u00edcia positiva \u00e9 que o n\u00famero de curados tamb\u00e9m cresceu, e de forma significativa, totalizando em 39, vinte e quatro a mais que na semana anterior (15). At\u00e9 a d\u00e9cima semana de pandemia, Ribeira do Pombal-BA havia registrado apenas 42 curas.<\/p>\n<p style=\"text-align: justify;\">Tamb\u00e9m foram divulgadas as regi\u00f5es em que est\u00e3o localizados os pacientes considerados ativos: Centro (13), Zona Oeste (05), Bairro Pescador (03), Bairro Vila Brasil (01), Bairro Caixa D\u2019\u00e1gua (01), Tapera (01), Bairro Pedro Tiburcio (16), Bairro Agr\u00edcola (12), Jo\u00e3o do Alto (01), Vila Oper\u00e1ria (02), Arapu\u00e1 (01), e Pombalzinho (02).<\/p>\n<p style=\"text-align: justify;\">Portanto, Ribeira do Pombal chegou \u00e0 marca de 141 infectados, sendo 59 ativos (42%), 81 curados (57%), e 01 \u00f3bito (1%).<\/p>\n<p style=\"text-align: justify;\"><a href=\"https:\/\/www.portalalerta.com.br\/index.php\/2020\/05\/26\/saiba-como-esta-a-evolucao-do-covid-19-em-ribeira-do-pombal-ba\/\"><strong style=\"font-style: inherit;\">Clique aqui e saiba como est\u00e1 a evolu\u00e7\u00e3o do Covid-19 em Ribeira do Pombal-BA<\/strong><\/a><\/p>\n<p style=\"text-align: justify;\"><em style=\"font-weight: inherit;\">Reda\u00e7\u00e3o: Portal Alerta<\/em><\/p>\n<p style=\"text-align: justify;\"><em style=\"font-weight: inherit;\"><strong>#fiqueemcasa\u00a0\u00a0\u00a0\u00a0<\/strong><\/em><\/p>\n<p style=\"text-align: justify;\"><em style=\"font-weight: inherit;\"><strong>#usemascaras<\/strong><\/em><\/p>\n","protected":false},"excerpt":{"rendered":"<p>No final da tarde deste s\u00e1bado, 04, a Secretaria de Sa\u00fade de Ribeira do Pombal-BA, divulgou mais um Boletim Epidemiol\u00f3gico, confirmando mais dois novos casos de Covid-19 (Coronav\u00edrus).<\/p>\n","protected":false},"author":2,"featured_media":26276,"comment_status":"open","ping_status":"open","sticky":false,"template":"","format":"standard","meta":{"om_disable_all_campaigns":false,"_monsterinsights_skip_tracking":false,"_monsterinsights_sitenote_active":false,"_monsterinsights_sitenote_note":"","_monsterinsights_sitenote_category":0,"footnotes":""},"categories":[70,69,32,3,19],"tags":[3429,3486,47,61],"class_list":["post-26500","post","type-post","status-publish","format-standard","has-post-thumbnail","hentry","category-destaques","category-noticias2","category-regiao","category-ribeira-do-pombal","category-saude","tag-coronavirus","tag-covid-19","tag-ribeira-do-pombal","tag-saude"],"aioseo_notices":[],"_links":{"self":[{"href":"https:\/\/www.portalalerta.com.br\/index.php\/wp-json\/wp\/v2\/posts\/26500","targetHints":{"allow":["GET"]}}],"collection":[{"href":"https:\/\/www.portalalerta.com.br\/index.php\/wp-json\/wp\/v2\/posts"}],"about":[{"href":"https:\/\/www.portalalerta.com.br\/index.php\/wp-json\/wp\/v2\/types\/post"}],"author":[{"embeddable":true,"href":"https:\/\/www.portalalerta.com.br\/index.php\/wp-json\/wp\/v2\/users\/2"}],"replies":[{"embeddable":true,"href":"https:\/\/www.portalalerta.com.br\/index.php\/wp-json\/wp\/v2\/comments?post=26500"}],"version-history":[{"count":1,"href":"https:\/\/www.portalalerta.com.br\/index.php\/wp-json\/wp\/v2\/posts\/26500\/revisions"}],"predecessor-version":[{"id":26501,"href":"https:\/\/www.portalalerta.com.br\/index.php\/wp-json\/wp\/v2\/posts\/26500\/revisions\/26501"}],"wp:featuredmedia":[{"embeddable":true,"href":"https:\/\/www.portalalerta.com.br\/index.php\/wp-json\/wp\/v2\/media\/26276"}],"wp:attachment":[{"href":"https:\/\/www.portalalerta.com.br\/index.php\/wp-json\/wp\/v2\/media?parent=26500"}],"wp:term":[{"taxonomy":"category","embeddable":true,"href":"https:\/\/www.portalalerta.com.br\/index.php\/wp-json\/wp\/v2\/categories?post=26500"},{"taxonomy":"post_tag","embeddable":true,"href":"https:\/\/www.portalalerta.com.br\/index.php\/wp-json\/wp\/v2\/tags?post=26500"}],"curies":[{"name":"wp","href":"https:\/\/api.w.org\/{rel}","templated":true}]}}