{"id":26544,"date":"2020-07-05T20:12:55","date_gmt":"2020-07-05T23:12:55","guid":{"rendered":"https:\/\/www.portalalerta.com.br\/?p=26544"},"modified":"2020-07-05T20:12:55","modified_gmt":"2020-07-05T23:12:55","slug":"reconstituicao-da-morte-do-miliciano-adriano-da-nobrega-sera-feita-pela-policia-da-bahia-afirma-ssp","status":"publish","type":"post","link":"https:\/\/www.portalalerta.com.br\/index.php\/2020\/07\/05\/reconstituicao-da-morte-do-miliciano-adriano-da-nobrega-sera-feita-pela-policia-da-bahia-afirma-ssp\/","title":{"rendered":"Reconstitui\u00e7\u00e3o da morte do miliciano Adriano da N\u00f3brega ser\u00e1 feita pela pol\u00edcia da Bahia, afirma SSP"},"content":{"rendered":"<p style=\"text-align: justify;\">A Pol\u00edcia Civil da Bahia vai fazer a reconstitui\u00e7\u00e3o da morte do miliciano\u00a0Adriano da N\u00f3brega,\u00a0<strong><a href=\"https:\/\/www.portalalerta.com.br\/index.php\/2020\/02\/09\/ex-capitao-do-bope-adriano-e-morto-em-troca-de-tiros-com-a-policia-na-bahia\/\">morto em confronto com policiais militares no dia 9 de fevereiro deste ano, na zona rural da cidade de Esplanada<\/a>.<\/strong> A Secretaria da Seguran\u00e7a P\u00fablica da Bahia (SSP-BA) confirmou a informa\u00e7\u00e3o ao G1. Ainda n\u00e3o existe uma previs\u00e3o de quando a reprodu\u00e7\u00e3o simulada ser\u00e1 feita, por causa da pandemia do coronav\u00edrus.<!--more--><\/p>\n<p style=\"text-align: justify;\"><img fetchpriority=\"high\" decoding=\"async\" class=\"size-thumbnail wp-image-4869 aligncenter\" src=\"https:\/\/www.portalalerta.com.br\/wp-content\/uploads\/2018\/02\/Auto-Escola-Nobre-720x181.jpg\" alt=\"\" width=\"720\" height=\"181\" srcset=\"https:\/\/www.portalalerta.com.br\/wp-content\/uploads\/2018\/02\/Auto-Escola-Nobre.jpg 720w, https:\/\/www.portalalerta.com.br\/wp-content\/uploads\/2018\/02\/Auto-Escola-Nobre-260x65.jpg 260w, https:\/\/www.portalalerta.com.br\/wp-content\/uploads\/2018\/02\/Auto-Escola-Nobre-50x13.jpg 50w, https:\/\/www.portalalerta.com.br\/wp-content\/uploads\/2018\/02\/Auto-Escola-Nobre-150x38.jpg 150w\" sizes=\"(max-width: 720px) 100vw, 720px\" \/>De acordo com a SSP-BA, Adriano era suspeito de envolvimento no assassinato de Marielle Franco e do motorista Anderson Gomes, em mar\u00e7o de 2018. O nome do miliciano, no entanto, n\u00e3o consta no inqu\u00e9rito que investiga a morte da vereadora<\/p>\n<p style=\"text-align: justify;\">Ainda na \u00e9poca da morte do miliciano, a SSP-BA informou que Adriano da N\u00f3brega foi encontrado em um s\u00edtio de um vereador do PSL de Esplanada. No momento do cumprimento do mandado de pris\u00e3o, Adriano resistiu com disparos de arma de fogo e acabou ferido. Ele chegou a ser socorrido e levado a um hospital da regi\u00e3o, mas n\u00e3o sobreviveu, segundo a SSP-BA.<\/p>\n<p style=\"text-align: justify;\"><em>Fonte: Gazeta do Mel<\/em><\/p>\n","protected":false},"excerpt":{"rendered":"<p>A Pol\u00edcia Civil da Bahia vai fazer a reconstitui\u00e7\u00e3o da morte do miliciano\u00a0Adriano da N\u00f3brega,\u00a0morto em confronto com policiais militares no dia 9 de fevereiro deste ano, na zona rural da cidade de Esplanada. A Secretaria da Seguran\u00e7a P\u00fablica da Bahia (SSP-BA) confirmou a informa\u00e7\u00e3o ao G1. Ainda n\u00e3o existe uma previs\u00e3o de quando a &hellip;<\/p>\n","protected":false},"author":2,"featured_media":21335,"comment_status":"open","ping_status":"open","sticky":false,"template":"","format":"standard","meta":{"om_disable_all_campaigns":false,"_monsterinsights_skip_tracking":false,"_monsterinsights_sitenote_active":false,"_monsterinsights_sitenote_note":"","_monsterinsights_sitenote_category":0,"footnotes":""},"categories":[33,34,70,69,22],"tags":[54,836,3388,169,122,3770],"class_list":["post-26544","post","type-post","status-publish","format-standard","has-post-thumbnail","hentry","category-bahia","category-brasil","category-destaques","category-noticias2","category-seguranca","tag-bahia","tag-milicia","tag-miliciano","tag-morte","tag-policia-civil","tag-reconstituicao"],"aioseo_notices":[],"_links":{"self":[{"href":"https:\/\/www.portalalerta.com.br\/index.php\/wp-json\/wp\/v2\/posts\/26544","targetHints":{"allow":["GET"]}}],"collection":[{"href":"https:\/\/www.portalalerta.com.br\/index.php\/wp-json\/wp\/v2\/posts"}],"about":[{"href":"https:\/\/www.portalalerta.com.br\/index.php\/wp-json\/wp\/v2\/types\/post"}],"author":[{"embeddable":true,"href":"https:\/\/www.portalalerta.com.br\/index.php\/wp-json\/wp\/v2\/users\/2"}],"replies":[{"embeddable":true,"href":"https:\/\/www.portalalerta.com.br\/index.php\/wp-json\/wp\/v2\/comments?post=26544"}],"version-history":[{"count":1,"href":"https:\/\/www.portalalerta.com.br\/index.php\/wp-json\/wp\/v2\/posts\/26544\/revisions"}],"predecessor-version":[{"id":26545,"href":"https:\/\/www.portalalerta.com.br\/index.php\/wp-json\/wp\/v2\/posts\/26544\/revisions\/26545"}],"wp:featuredmedia":[{"embeddable":true,"href":"https:\/\/www.portalalerta.com.br\/index.php\/wp-json\/wp\/v2\/media\/21335"}],"wp:attachment":[{"href":"https:\/\/www.portalalerta.com.br\/index.php\/wp-json\/wp\/v2\/media?parent=26544"}],"wp:term":[{"taxonomy":"category","embeddable":true,"href":"https:\/\/www.portalalerta.com.br\/index.php\/wp-json\/wp\/v2\/categories?post=26544"},{"taxonomy":"post_tag","embeddable":true,"href":"https:\/\/www.portalalerta.com.br\/index.php\/wp-json\/wp\/v2\/tags?post=26544"}],"curies":[{"name":"wp","href":"https:\/\/api.w.org\/{rel}","templated":true}]}}