{"id":26546,"date":"2020-07-05T20:26:29","date_gmt":"2020-07-05T23:26:29","guid":{"rendered":"https:\/\/www.portalalerta.com.br\/?p=26546"},"modified":"2020-07-05T20:26:29","modified_gmt":"2020-07-05T23:26:29","slug":"apos-receber-alta-do-isolamento-domiciliar-prefeito-de-ribeira-do-pombal-ba-divulga-resultado-de-exame-em-que-testou-positivo-para-covid-19","status":"publish","type":"post","link":"https:\/\/www.portalalerta.com.br\/index.php\/2020\/07\/05\/apos-receber-alta-do-isolamento-domiciliar-prefeito-de-ribeira-do-pombal-ba-divulga-resultado-de-exame-em-que-testou-positivo-para-covid-19\/","title":{"rendered":"Ap\u00f3s receber alta do Isolamento Domiciliar, prefeito de Ribeira do Pombal-BA divulga resultado de exame em que testou positivo para Covid-19"},"content":{"rendered":"<p style=\"text-align: justify;\">No \u00faltimo s\u00e1bado, 04, o munic\u00edpio de Ribeira do Pombal-BA divulgou em seu Boletim Epidemiol\u00f3gico, dois novos casos, e uma cura, de Covid-19 (Cororonav\u00edrus). <a href=\"https:\/\/www.portalalerta.com.br\/index.php\/2020\/07\/04\/ribeira-do-pombal-ba-registra-mais-dois-novos-casos-e-uma-cura-de-covid-19\/\">Relembre<\/a><!--more--><\/p>\n<p style=\"text-align: justify;\">A cura em quest\u00e3o se refere ao prefeito da cidade, Ricardo Maia, que<a href=\"https:\/\/www.portalalerta.com.br\/index.php\/2020\/06\/24\/prefeito-de-ribeira-do-pombal-ba-testa-positivo-para-o-covid-19\/\"><strong> testou positivo em exame realizado no dia 20 de junho<\/strong><\/a>. Durante este per\u00edodo o gestor n\u00e3o apresentou sintomas graves, por\u00e9m cumpriu o protocolo, permanecendo em isolamento domiciliar.<\/p>\n<p style=\"text-align: justify;\"><img fetchpriority=\"high\" decoding=\"async\" class=\"size-thumbnail wp-image-25012 aligncenter\" src=\"https:\/\/www.portalalerta.com.br\/wp-content\/uploads\/2020\/06\/real-acordo.1-720x92.jpg\" alt=\"\" width=\"720\" height=\"92\" \/>J\u00e1 no \u00faltimo s\u00e1bado, o prefeito foi liberado para retornar \u00e0s suas atividades laborais, ap\u00f3s cumprir o per\u00edodo de isolamento, ao mesmo tempo em que n\u00e3o tem apresentado sintomas da doen\u00e7a, por um per\u00edodo superior a 72 horas.<\/p>\n<p style=\"text-align: justify;\">O prefeito que chegou a ter o diagn\u00f3stico contestado, divulgou tanto o resultado do exame realizado pelo Laborat\u00f3rio Central do Estado (LACEN), quanto o atestado m\u00e9dico assinado pelo M\u00e9dico respons\u00e1vel pelo Centro de Pronto Atendimento ao Covid-19 na cidade, Dr. Carlos Domini. <strong>Veja:<\/strong><\/p>\n<p style=\"text-align: justify;\"><em><img decoding=\"async\" class=\"aligncenter wp-image-26548 size-full\" src=\"https:\/\/www.portalalerta.com.br\/wp-content\/uploads\/2020\/07\/exames-Ricardo-Maia-2020.jpg\" alt=\"\" width=\"720\" height=\"398\" srcset=\"https:\/\/www.portalalerta.com.br\/wp-content\/uploads\/2020\/07\/exames-Ricardo-Maia-2020.jpg 720w, https:\/\/www.portalalerta.com.br\/wp-content\/uploads\/2020\/07\/exames-Ricardo-Maia-2020-434x240.jpg 434w, https:\/\/www.portalalerta.com.br\/wp-content\/uploads\/2020\/07\/exames-Ricardo-Maia-2020-260x144.jpg 260w, https:\/\/www.portalalerta.com.br\/wp-content\/uploads\/2020\/07\/exames-Ricardo-Maia-2020-50x28.jpg 50w, https:\/\/www.portalalerta.com.br\/wp-content\/uploads\/2020\/07\/exames-Ricardo-Maia-2020-136x75.jpg 136w\" sizes=\"(max-width: 720px) 100vw, 720px\" \/>Reda\u00e7\u00e3o: Portal Alerta<\/em><\/p>\n<p style=\"text-align: justify;\"><strong><em>#fiqueemcasa<\/em><\/strong><\/p>\n<p style=\"text-align: justify;\"><strong><em>#usemascaras<\/em><\/strong><\/p>\n","protected":false},"excerpt":{"rendered":"<p>No \u00faltimo s\u00e1bado, 04, o munic\u00edpio de Ribeira do Pombal-BA divulgou em seu Boletim Epidemiol\u00f3gico, dois novos casos, e uma cura, de Covid-19 (Cororonav\u00edrus). Relembre<\/p>\n","protected":false},"author":2,"featured_media":10795,"comment_status":"open","ping_status":"open","sticky":false,"template":"","format":"standard","meta":{"om_disable_all_campaigns":false,"_monsterinsights_skip_tracking":false,"_monsterinsights_sitenote_active":false,"_monsterinsights_sitenote_note":"","_monsterinsights_sitenote_category":0,"footnotes":""},"categories":[70,69,21,32,3,19],"tags":[3429,3486,3454,198,47,146,61],"class_list":["post-26546","post","type-post","status-publish","format-standard","has-post-thumbnail","hentry","category-destaques","category-noticias2","category-politica","category-regiao","category-ribeira-do-pombal","category-saude","tag-coronavirus","tag-covid-19","tag-cura","tag-prefeito","tag-ribeira-do-pombal","tag-ricardo-maia","tag-saude"],"aioseo_notices":[],"_links":{"self":[{"href":"https:\/\/www.portalalerta.com.br\/index.php\/wp-json\/wp\/v2\/posts\/26546","targetHints":{"allow":["GET"]}}],"collection":[{"href":"https:\/\/www.portalalerta.com.br\/index.php\/wp-json\/wp\/v2\/posts"}],"about":[{"href":"https:\/\/www.portalalerta.com.br\/index.php\/wp-json\/wp\/v2\/types\/post"}],"author":[{"embeddable":true,"href":"https:\/\/www.portalalerta.com.br\/index.php\/wp-json\/wp\/v2\/users\/2"}],"replies":[{"embeddable":true,"href":"https:\/\/www.portalalerta.com.br\/index.php\/wp-json\/wp\/v2\/comments?post=26546"}],"version-history":[{"count":1,"href":"https:\/\/www.portalalerta.com.br\/index.php\/wp-json\/wp\/v2\/posts\/26546\/revisions"}],"predecessor-version":[{"id":26549,"href":"https:\/\/www.portalalerta.com.br\/index.php\/wp-json\/wp\/v2\/posts\/26546\/revisions\/26549"}],"wp:featuredmedia":[{"embeddable":true,"href":"https:\/\/www.portalalerta.com.br\/index.php\/wp-json\/wp\/v2\/media\/10795"}],"wp:attachment":[{"href":"https:\/\/www.portalalerta.com.br\/index.php\/wp-json\/wp\/v2\/media?parent=26546"}],"wp:term":[{"taxonomy":"category","embeddable":true,"href":"https:\/\/www.portalalerta.com.br\/index.php\/wp-json\/wp\/v2\/categories?post=26546"},{"taxonomy":"post_tag","embeddable":true,"href":"https:\/\/www.portalalerta.com.br\/index.php\/wp-json\/wp\/v2\/tags?post=26546"}],"curies":[{"name":"wp","href":"https:\/\/api.w.org\/{rel}","templated":true}]}}