{"id":26552,"date":"2020-07-05T21:11:57","date_gmt":"2020-07-06T00:11:57","guid":{"rendered":"https:\/\/www.portalalerta.com.br\/?p=26552"},"modified":"2020-07-05T21:19:27","modified_gmt":"2020-07-06T00:19:27","slug":"coronavirus-em-15-semanas-de-pandemia-21-cidades-da-regiao-ja-registraram-mais-de-mil-infectados-com-indice-de-cura-de-45","status":"publish","type":"post","link":"https:\/\/www.portalalerta.com.br\/index.php\/2020\/07\/05\/coronavirus-em-15-semanas-de-pandemia-21-cidades-da-regiao-ja-registraram-mais-de-mil-infectados-com-indice-de-cura-de-45\/","title":{"rendered":"Coronav\u00edrus: Em 15 semanas de Pandemia, 21 cidades da regi\u00e3o j\u00e1 registraram mais de mil infectados, com \u00edndice de cura de 45%"},"content":{"rendered":"<p style=\"text-align: justify;\">Os n\u00fameros relacionados \u00e0 Covid-19 (Coronav\u00edrus) permanecem aumentando em 21 munic\u00edpios da regi\u00e3o nordeste da Bahia. Somente na 15\u00aa semana, per\u00edodo em que compreende aos dias 28 de junho \u00e0 04 de julho, foram registrados 361 novos casos, 107 a mais que na semana anterior, 167 curas, 39 a mais que na semana anterior.<!--more--><\/p>\n<p style=\"text-align: justify;\">Somente o n\u00famero de \u00f3bitos foi menor, comparado \u00e0 14\u00aa semana, com apenas 01 registro, tr\u00eas a menos que no per\u00edodo anterior.<\/p>\n<p style=\"text-align: justify;\">Araci permanece liderando o Ranking com um total de 269 infectados, seguida por Ribeira do Pombal, com 141, e Nova Soure com 120. Araci tamb\u00e9m liderou o n\u00famero de novos infectados da semana, com 93 casos, seguida por Nova Soure com 69 casos, e Ribeira do Pombal com 47.<\/p>\n<p style=\"text-align: justify;\"><img fetchpriority=\"high\" decoding=\"async\" class=\"size-thumbnail wp-image-4869 aligncenter\" src=\"https:\/\/www.portalalerta.com.br\/wp-content\/uploads\/2018\/02\/Auto-Escola-Nobre-720x181.jpg\" alt=\"\" width=\"720\" height=\"181\" srcset=\"https:\/\/www.portalalerta.com.br\/wp-content\/uploads\/2018\/02\/Auto-Escola-Nobre.jpg 720w, https:\/\/www.portalalerta.com.br\/wp-content\/uploads\/2018\/02\/Auto-Escola-Nobre-260x65.jpg 260w, https:\/\/www.portalalerta.com.br\/wp-content\/uploads\/2018\/02\/Auto-Escola-Nobre-50x13.jpg 50w, https:\/\/www.portalalerta.com.br\/wp-content\/uploads\/2018\/02\/Auto-Escola-Nobre-150x38.jpg 150w\" sizes=\"(max-width: 720px) 100vw, 720px\" \/>Por outro lado, Jeremoabo se encontra com apenas 09 infectados, o menor da regi\u00e3o.<\/p>\n<p style=\"text-align: justify;\">Ao todo, os 21 munic\u00edpios j\u00e1 registraram 1024 casos, sendo que destes 551 s\u00e3o ativos (54%), 458 curados (45%), e 15 \u00f3bitos (1%).<\/p>\n<h2 style=\"text-align: justify;\">Confira os gr\u00e1ficos:<\/h2>\n<figure id=\"attachment_26553\" aria-describedby=\"caption-attachment-26553\" style=\"width: 540px\" class=\"wp-caption aligncenter\"><img decoding=\"async\" class=\"wp-image-26553 size-full\" src=\"https:\/\/www.portalalerta.com.br\/wp-content\/uploads\/2020\/07\/gr\u00e1fico-Coronav\u00edrus-na-regi\u00e3o-2020.12.jpg\" alt=\"\" width=\"540\" height=\"330\" srcset=\"https:\/\/www.portalalerta.com.br\/wp-content\/uploads\/2020\/07\/gr\u00e1fico-Coronav\u00edrus-na-regi\u00e3o-2020.12.jpg 540w, https:\/\/www.portalalerta.com.br\/wp-content\/uploads\/2020\/07\/gr\u00e1fico-Coronav\u00edrus-na-regi\u00e3o-2020.12-393x240.jpg 393w, https:\/\/www.portalalerta.com.br\/wp-content\/uploads\/2020\/07\/gr\u00e1fico-Coronav\u00edrus-na-regi\u00e3o-2020.12-239x146.jpg 239w, https:\/\/www.portalalerta.com.br\/wp-content\/uploads\/2020\/07\/gr\u00e1fico-Coronav\u00edrus-na-regi\u00e3o-2020.12-50x31.jpg 50w, https:\/\/www.portalalerta.com.br\/wp-content\/uploads\/2020\/07\/gr\u00e1fico-Coronav\u00edrus-na-regi\u00e3o-2020.12-123x75.jpg 123w\" sizes=\"(max-width: 540px) 100vw, 540px\" \/><figcaption id=\"caption-attachment-26553\" class=\"wp-caption-text\">Ao todo 1.024 pessoas j\u00e1 foram infectadas em 21 cidades da regi\u00e3o<\/figcaption><\/figure>\n<p>&nbsp;<\/p>\n<figure id=\"attachment_26554\" aria-describedby=\"caption-attachment-26554\" style=\"width: 540px\" class=\"wp-caption aligncenter\"><img decoding=\"async\" class=\"wp-image-26554 size-full\" src=\"https:\/\/www.portalalerta.com.br\/wp-content\/uploads\/2020\/07\/gr\u00e1fico-Coronav\u00edrus-na-regi\u00e3o-2020.13.jpg\" alt=\"\" width=\"540\" height=\"330\" srcset=\"https:\/\/www.portalalerta.com.br\/wp-content\/uploads\/2020\/07\/gr\u00e1fico-Coronav\u00edrus-na-regi\u00e3o-2020.13.jpg 540w, https:\/\/www.portalalerta.com.br\/wp-content\/uploads\/2020\/07\/gr\u00e1fico-Coronav\u00edrus-na-regi\u00e3o-2020.13-393x240.jpg 393w, https:\/\/www.portalalerta.com.br\/wp-content\/uploads\/2020\/07\/gr\u00e1fico-Coronav\u00edrus-na-regi\u00e3o-2020.13-239x146.jpg 239w, https:\/\/www.portalalerta.com.br\/wp-content\/uploads\/2020\/07\/gr\u00e1fico-Coronav\u00edrus-na-regi\u00e3o-2020.13-50x31.jpg 50w, https:\/\/www.portalalerta.com.br\/wp-content\/uploads\/2020\/07\/gr\u00e1fico-Coronav\u00edrus-na-regi\u00e3o-2020.13-123x75.jpg 123w\" sizes=\"(max-width: 540px) 100vw, 540px\" \/><figcaption id=\"caption-attachment-26554\" class=\"wp-caption-text\">458 pessoas j\u00e1 foram curadas, e 15 evolu\u00edram a \u00f3bito<\/figcaption><\/figure>\n<p style=\"text-align: justify;\"><strong>Confira a evolu\u00e7\u00e3o da Covid-19 em sua cidade:<\/strong><\/p>\n<p style=\"text-align: justify;\"><a href=\"https:\/\/www.portalalerta.com.br\/index.php\/2020\/05\/25\/saiba-como-esta-a-evolucao-do-covid-19-em-adustina-ba\/\"><strong>Adustina<\/strong><\/a><\/p>\n<p style=\"text-align: justify;\"><a href=\"https:\/\/www.portalalerta.com.br\/index.php\/2020\/05\/31\/saiba-como-esta-a-evolucao-do-covid-19-em-antas-ba\/\"><strong>Antas<\/strong><\/a><\/p>\n<p style=\"text-align: justify;\"><a href=\"https:\/\/www.portalalerta.com.br\/index.php\/2020\/05\/26\/saiba-como-esta-a-evolucao-do-covid-19-em-araci-ba\/\"><strong>Araci<\/strong><\/a><\/p>\n<p style=\"text-align: justify;\"><a href=\"https:\/\/www.portalalerta.com.br\/index.php\/2020\/05\/27\/saiba-como-esta-a-evolucao-do-covid-19-em-banzae-ba\/\"><strong>Banza\u00ea<\/strong><\/a><\/p>\n<p style=\"text-align: justify;\"><a href=\"https:\/\/www.portalalerta.com.br\/index.php\/2020\/05\/25\/saiba-como-esta-a-evolucao-do-covid-19-em-cicero-dantas-ba\/\"><strong>C\u00edcero Dantas<\/strong><\/a><\/p>\n<p style=\"text-align: justify;\"><a href=\"https:\/\/www.portalalerta.com.br\/index.php\/2020\/05\/29\/saiba-como-esta-a-evolucao-do-covid-19-em-cipo-ba\/\"><strong>Cip\u00f3<\/strong><\/a><\/p>\n<p style=\"text-align: justify;\"><a href=\"https:\/\/www.portalalerta.com.br\/index.php\/2020\/05\/27\/saiba-como-esta-a-evolucao-do-covid-19-em-crisopolis-ba\/\"><strong>Cris\u00f3polis<\/strong><\/a><\/p>\n<p style=\"text-align: justify;\"><a href=\"https:\/\/www.portalalerta.com.br\/index.php\/2020\/05\/27\/saiba-como-esta-a-evolucao-do-covid-19-em-euclides-da-cunha-ba\/\"><strong>Euclides da Cunha<\/strong><\/a><\/p>\n<p style=\"text-align: justify;\"><a href=\"https:\/\/www.portalalerta.com.br\/index.php\/2020\/05\/31\/saiba-como-esta-a-evolucao-do-covid-19-em-fatima-ba\/\"><strong>F\u00e1tima<\/strong><\/a><\/p>\n<p style=\"text-align: justify;\"><a href=\"https:\/\/www.portalalerta.com.br\/index.php\/2020\/06\/22\/saiba-como-esta-a-evolucao-do-covid-19-em-heliopolis-ba\/\"><strong>Heli\u00f3polis<\/strong><\/a><\/p>\n<p style=\"text-align: justify;\"><a href=\"https:\/\/www.portalalerta.com.br\/index.php\/2020\/05\/25\/saiba-como-esta-a-evolucao-do-covid-19-em-itapicuru-ba\/\"><strong>Itapicuru<\/strong><\/a><\/p>\n<p style=\"text-align: justify;\"><a href=\"https:\/\/www.portalalerta.com.br\/index.php\/2020\/05\/30\/saiba-como-esta-a-evolucao-do-covid-19-em-jeremoabo-ba\/\"><strong>Jeremoabo<\/strong><\/a><\/p>\n<p style=\"text-align: justify;\"><a href=\"https:\/\/www.portalalerta.com.br\/index.php\/2020\/05\/30\/saiba-como-esta-a-evolucao-do-covid-19-em-nova-soure-ba\/\"><strong>Nova Soure<\/strong><\/a><\/p>\n<p style=\"text-align: justify;\"><a href=\"https:\/\/www.portalalerta.com.br\/index.php\/2020\/05\/30\/saiba-como-esta-a-evolucao-do-covid-19-em-novo-triunfo-ba\/\"><strong>Novo Triunfo<\/strong><\/a><\/p>\n<p style=\"text-align: justify;\"><a href=\"https:\/\/www.portalalerta.com.br\/index.php\/2020\/05\/30\/saiba-como-esta-a-evolucao-do-covid-19-em-olindina-ba\/\"><strong>Olindina<\/strong><\/a><\/p>\n<p style=\"text-align: justify;\"><a href=\"https:\/\/www.portalalerta.com.br\/index.php\/2020\/05\/26\/saiba-como-esta-a-evolucao-do-covid-19-em-paripiranga-ba\/\"><strong>Paripiranga<\/strong><\/a><\/p>\n<p style=\"text-align: justify;\"><a href=\"https:\/\/www.portalalerta.com.br\/index.php\/2020\/06\/15\/saiba-como-esta-a-evolucao-do-covid-19-em-quijingue-ba\/\"><strong>Quijingue\u00a0<\/strong><\/a><\/p>\n<p style=\"text-align: justify;\"><a href=\"https:\/\/www.portalalerta.com.br\/index.php\/2020\/05\/29\/saiba-como-esta-a-evolucao-do-covid-19-em-ribeira-do-amparo-ba\/\"><strong>Ribeira do Amparo<\/strong><\/a><\/p>\n<p style=\"text-align: justify;\"><a href=\"https:\/\/www.portalalerta.com.br\/index.php\/2020\/05\/26\/saiba-como-esta-a-evolucao-do-covid-19-em-ribeira-do-pombal-ba\/\"><strong>Ribeira do Pombal<\/strong><\/a><\/p>\n<p style=\"text-align: justify;\"><a href=\"https:\/\/www.portalalerta.com.br\/index.php\/2020\/06\/08\/saiba-como-esta-a-evolucao-do-covid-19-em-sitio-do-quinto-ba\/\"><strong>S\u00edtio do Quinto\u00a0<\/strong><\/a><\/p>\n<p style=\"text-align: justify;\"><a href=\"https:\/\/www.portalalerta.com.br\/index.php\/2020\/05\/27\/saiba-como-esta-a-evolucao-do-covid-19-em-tucano-ba\/\"><strong>Tucano<\/strong><\/a><\/p>\n<p style=\"text-align: justify;\"><em>Reda\u00e7\u00e3o: Portal Alerta<\/em><\/p>\n<p style=\"text-align: justify;\"><strong><em>#fiqueemcasa<\/em><\/strong><\/p>\n<p style=\"text-align: justify;\"><strong><em>#usemascaras<\/em><\/strong><\/p>\n","protected":false},"excerpt":{"rendered":"<p>Os n\u00fameros relacionados \u00e0 Covid-19 (Coronav\u00edrus) permanecem aumentando em 21 munic\u00edpios da regi\u00e3o nordeste da Bahia. Somente na 15\u00aa semana, per\u00edodo em que compreende aos dias 28 de junho \u00e0 04 de julho, foram registrados 361 novos casos, 107 a mais que na semana anterior, 167 curas, 39 a mais que na semana anterior.<\/p>\n","protected":false},"author":2,"featured_media":21912,"comment_status":"open","ping_status":"open","sticky":false,"template":"","format":"standard","meta":{"om_disable_all_campaigns":false,"_monsterinsights_skip_tracking":false,"_monsterinsights_sitenote_active":false,"_monsterinsights_sitenote_note":"","_monsterinsights_sitenote_category":0,"footnotes":""},"categories":[40,5,41,39,4,13,42,70,17,10,6,18,9,69,14,8,15,11,43,32,16,3,19,7,12],"tags":[100,71,48,54,49,75,45,3429,3486,46,129,107,2719,132,230,106,203,120,51,109,278,88,47,61,111,190],"class_list":["post-26552","post","type-post","status-publish","format-standard","has-post-thumbnail","hentry","category-adustina","category-antas","category-araci","category-banzae","category-cicero-dantas","category-cipo","category-crisopolis","category-destaques","category-euclides-da-cunha","category-fatima","category-heliopolis","category-itapicuru","category-jeremoabo","category-noticias2","category-nova-soure","category-novo-triunfo","category-olindina","category-paripiranga","category-quijingue","category-regiao","category-ribeira-do-amparo","category-ribeira-do-pombal","category-saude","category-sitio-do-quinto","category-tucano","tag-adustina","tag-antas","tag-araci","tag-bahia","tag-banzae","tag-cicero-dantas","tag-cipo","tag-coronavirus","tag-covid-19","tag-crisopolis","tag-euclides-da-cunha","tag-fatima","tag-helioolis","tag-itapicuru","tag-jeremoabo","tag-nova-soure","tag-novo-triunfo","tag-olindina","tag-paripiranga","tag-quijingue","tag-regiao","tag-ribeira-do-amparo","tag-ribeira-do-pombal","tag-saude","tag-sitio-do-quinto","tag-tucano"],"aioseo_notices":[],"_links":{"self":[{"href":"https:\/\/www.portalalerta.com.br\/index.php\/wp-json\/wp\/v2\/posts\/26552","targetHints":{"allow":["GET"]}}],"collection":[{"href":"https:\/\/www.portalalerta.com.br\/index.php\/wp-json\/wp\/v2\/posts"}],"about":[{"href":"https:\/\/www.portalalerta.com.br\/index.php\/wp-json\/wp\/v2\/types\/post"}],"author":[{"embeddable":true,"href":"https:\/\/www.portalalerta.com.br\/index.php\/wp-json\/wp\/v2\/users\/2"}],"replies":[{"embeddable":true,"href":"https:\/\/www.portalalerta.com.br\/index.php\/wp-json\/wp\/v2\/comments?post=26552"}],"version-history":[{"count":4,"href":"https:\/\/www.portalalerta.com.br\/index.php\/wp-json\/wp\/v2\/posts\/26552\/revisions"}],"predecessor-version":[{"id":26558,"href":"https:\/\/www.portalalerta.com.br\/index.php\/wp-json\/wp\/v2\/posts\/26552\/revisions\/26558"}],"wp:featuredmedia":[{"embeddable":true,"href":"https:\/\/www.portalalerta.com.br\/index.php\/wp-json\/wp\/v2\/media\/21912"}],"wp:attachment":[{"href":"https:\/\/www.portalalerta.com.br\/index.php\/wp-json\/wp\/v2\/media?parent=26552"}],"wp:term":[{"taxonomy":"category","embeddable":true,"href":"https:\/\/www.portalalerta.com.br\/index.php\/wp-json\/wp\/v2\/categories?post=26552"},{"taxonomy":"post_tag","embeddable":true,"href":"https:\/\/www.portalalerta.com.br\/index.php\/wp-json\/wp\/v2\/tags?post=26552"}],"curies":[{"name":"wp","href":"https:\/\/api.w.org\/{rel}","templated":true}]}}