{"id":26565,"date":"2020-07-05T23:19:37","date_gmt":"2020-07-06T02:19:37","guid":{"rendered":"https:\/\/www.portalalerta.com.br\/?p=26565"},"modified":"2020-07-05T23:19:37","modified_gmt":"2020-07-06T02:19:37","slug":"acesso-a-ponte-que-liga-itapicuru-a-olindina-sera-interditada-a-partir-desta-segunda-feira-06","status":"publish","type":"post","link":"https:\/\/www.portalalerta.com.br\/index.php\/2020\/07\/05\/acesso-a-ponte-que-liga-itapicuru-a-olindina-sera-interditada-a-partir-desta-segunda-feira-06\/","title":{"rendered":"Acesso a ponte que liga Itapicuru a Olindina ser\u00e1 interditada a partir desta segunda-feira, 06"},"content":{"rendered":"<p style=\"text-align: justify;\">A Ponte sobre o Rio Itapicuru, que liga\u00a0 Itapicuru a Olindina, ficar\u00e1 interditada a partir desta segunda-feira, 06, em decorr\u00eancia da realiza\u00e7\u00e3o de obras de recupera\u00e7\u00e3o.<!--more--><\/p>\n<p style=\"text-align: justify;\">A interdi\u00e7\u00e3o vem acontecendo de forma parcial, com a proibi\u00e7\u00e3o de tr\u00e1fego de caminh\u00f5es e \u00f4nibus. A partir desta segunda-feira, ser\u00e1 a interdi\u00e7\u00e3o total s\u00f3 permitindo a passagem de pedestres.<\/p>\n<p style=\"text-align: justify;\"><img fetchpriority=\"high\" decoding=\"async\" class=\"size-thumbnail wp-image-9394 alignleft\" src=\"https:\/\/www.portalalerta.com.br\/wp-content\/uploads\/2018\/07\/05elab-320x240.jpg\" alt=\"\" width=\"320\" height=\"240\" srcset=\"https:\/\/www.portalalerta.com.br\/wp-content\/uploads\/2018\/07\/05elab-320x240.jpg 320w, https:\/\/www.portalalerta.com.br\/wp-content\/uploads\/2018\/07\/05elab-195x146.jpg 195w, https:\/\/www.portalalerta.com.br\/wp-content\/uploads\/2018\/07\/05elab-50x38.jpg 50w, https:\/\/www.portalalerta.com.br\/wp-content\/uploads\/2018\/07\/05elab-100x75.jpg 100w, https:\/\/www.portalalerta.com.br\/wp-content\/uploads\/2018\/07\/05elab.jpg 400w\" sizes=\"(max-width: 320px) 100vw, 320px\" \/>As placas de interdi\u00e7\u00e3o j\u00e1 foram colocadas na rodovia.<\/p>\n<p style=\"text-align: justify;\">A interdi\u00e7\u00e3o total tinha sido anunciada para dia 16 de junho, mas foi suspensa at\u00e9 defini\u00e7\u00e3o de desvios.<\/p>\n<p style=\"text-align: justify;\">Durante este per\u00edodo os condutores dever\u00e3o trafegar pela BR-101, podendo interligar com a BA-396 (Rio Real), BR-110 (Olindina\/Inhambupe), BA-398 (Cris\u00f3polis) e BA-233 (Acajutiba). A outra op\u00e7\u00e3o \u00e9 via Povoado Varzinha interligando com a BA-084 (Ribeira do Amparo) e BR-110 (Cip\u00f3).<\/p>\n<p style=\"text-align: justify;\">A obra no valor de R$ 1.661.942,86 (um milh\u00e3o, seiscentos e sessenta e um mil, novecentos e quarenta e dois reais e oitenta e seis centavos), cujo objeto \u00e9 a recupera\u00e7\u00e3o da Ponte sobre o Rio Itapicuru, localizada na BR-349 entre as cidades de Olindina e Itapicuru, com extens\u00e3o de 156 m, ser\u00e1 feita pela empresa Tecnocret Engenharia LTDA &#8211; EPP.<\/p>\n<p style=\"text-align: justify;\"><em>Fonte: Itapicuru Not\u00edcias<\/em><\/p>\n","protected":false},"excerpt":{"rendered":"<p>A Ponte sobre o Rio Itapicuru, que liga\u00a0 Itapicuru a Olindina, ficar\u00e1 interditada a partir desta segunda-feira, 06, em decorr\u00eancia da realiza\u00e7\u00e3o de obras de recupera\u00e7\u00e3o.<\/p>\n","protected":false},"author":2,"featured_media":26566,"comment_status":"open","ping_status":"open","sticky":false,"template":"","format":"standard","meta":{"om_disable_all_campaigns":false,"_monsterinsights_skip_tracking":false,"_monsterinsights_sitenote_active":false,"_monsterinsights_sitenote_note":"","_monsterinsights_sitenote_category":0,"footnotes":""},"categories":[70,18,69,15,32],"tags":[132,2597,120,1765],"class_list":["post-26565","post","type-post","status-publish","format-standard","has-post-thumbnail","hentry","category-destaques","category-itapicuru","category-noticias2","category-olindina","category-regiao","tag-itapicuru","tag-obras","tag-olindina","tag-rio-itapicuru"],"aioseo_notices":[],"_links":{"self":[{"href":"https:\/\/www.portalalerta.com.br\/index.php\/wp-json\/wp\/v2\/posts\/26565","targetHints":{"allow":["GET"]}}],"collection":[{"href":"https:\/\/www.portalalerta.com.br\/index.php\/wp-json\/wp\/v2\/posts"}],"about":[{"href":"https:\/\/www.portalalerta.com.br\/index.php\/wp-json\/wp\/v2\/types\/post"}],"author":[{"embeddable":true,"href":"https:\/\/www.portalalerta.com.br\/index.php\/wp-json\/wp\/v2\/users\/2"}],"replies":[{"embeddable":true,"href":"https:\/\/www.portalalerta.com.br\/index.php\/wp-json\/wp\/v2\/comments?post=26565"}],"version-history":[{"count":1,"href":"https:\/\/www.portalalerta.com.br\/index.php\/wp-json\/wp\/v2\/posts\/26565\/revisions"}],"predecessor-version":[{"id":26567,"href":"https:\/\/www.portalalerta.com.br\/index.php\/wp-json\/wp\/v2\/posts\/26565\/revisions\/26567"}],"wp:featuredmedia":[{"embeddable":true,"href":"https:\/\/www.portalalerta.com.br\/index.php\/wp-json\/wp\/v2\/media\/26566"}],"wp:attachment":[{"href":"https:\/\/www.portalalerta.com.br\/index.php\/wp-json\/wp\/v2\/media?parent=26565"}],"wp:term":[{"taxonomy":"category","embeddable":true,"href":"https:\/\/www.portalalerta.com.br\/index.php\/wp-json\/wp\/v2\/categories?post=26565"},{"taxonomy":"post_tag","embeddable":true,"href":"https:\/\/www.portalalerta.com.br\/index.php\/wp-json\/wp\/v2\/tags?post=26565"}],"curies":[{"name":"wp","href":"https:\/\/api.w.org\/{rel}","templated":true}]}}