{"id":26579,"date":"2020-07-06T12:05:14","date_gmt":"2020-07-06T15:05:14","guid":{"rendered":"https:\/\/www.portalalerta.com.br\/?p=26579"},"modified":"2020-07-06T12:05:14","modified_gmt":"2020-07-06T15:05:14","slug":"vereador-e-detido-com-sinais-de-embriaguez-apos-acidente-em-paulo-afonso-ba","status":"publish","type":"post","link":"https:\/\/www.portalalerta.com.br\/index.php\/2020\/07\/06\/vereador-e-detido-com-sinais-de-embriaguez-apos-acidente-em-paulo-afonso-ba\/","title":{"rendered":"Vereador \u00e9 detido com sinais de embriaguez ap\u00f3s acidente em Paulo Afonso-BA"},"content":{"rendered":"<p style=\"text-align: justify;\">O vereador C\u00edcero Bezerra (PDT) foi detido na tarde do \u00faltimo s\u00e1bado (04), na BA-210 em Paulo Afonso-BA, por dirigir supostamente embriagado. C\u00edcero, de 46 anos, se envolveu em um acidente tipo colis\u00e3o com uma motocicleta nas proximidades do Parque de Exposi\u00e7\u00f5es da cidade.<!--more--><\/p>\n<p style=\"text-align: justify;\">O vereador dirigia seu carro pela rodovia quando houve a colis\u00e3o com uma motocicleta conduzida por um mototaxista. Segundo a assessoria do vereador, o condutor da moto recebeu assist\u00eancia e n\u00e3o sofreu ferimentos graves. Os dois ve\u00edculos ficaram danificados e o parlamentar acionou o seguro.<\/p>\n<p style=\"text-align: justify;\"><img fetchpriority=\"high\" decoding=\"async\" class=\"size-thumbnail wp-image-25012 aligncenter\" src=\"https:\/\/www.portalalerta.com.br\/wp-content\/uploads\/2020\/06\/real-acordo.1-720x92.jpg\" alt=\"\" width=\"720\" height=\"92\" \/>C\u00edcero Bezerra apresentava sinais de embriaguez e foi levado por policiais militares \u00e0 delegacia de Pol\u00edcia Civil onde foi autuado em flagrante delito. Alguns vereadores e um secret\u00e1rio municipal estiveram na delegacia para prestar apoio ao companheiro, mas at\u00e9 o final da noite de s\u00e1bado, o parlamentar continuava recolhido em uma sala.<\/p>\n<p style=\"text-align: justify;\">De acordo com o CTB (C\u00f3digo de Tr\u00e2nsito Brasileiro), condutores flagrados dirigindo sob afeito de \u00e1lcool podem ter suas habilita\u00e7\u00f5es recolhidas, pagar multa no valor de R$ 2.934,70, al\u00e9m da suspens\u00e3o do direito de dirigir por 12 meses.<\/p>\n<figure id=\"attachment_26580\" aria-describedby=\"caption-attachment-26580\" style=\"width: 720px\" class=\"wp-caption aligncenter\"><img decoding=\"async\" class=\"wp-image-26580 size-full\" src=\"https:\/\/www.portalalerta.com.br\/wp-content\/uploads\/2020\/07\/vereador-C\u00edcero-Bezerra.jpg\" alt=\"\" width=\"720\" height=\"424\" srcset=\"https:\/\/www.portalalerta.com.br\/wp-content\/uploads\/2020\/07\/vereador-C\u00edcero-Bezerra.jpg 720w, https:\/\/www.portalalerta.com.br\/wp-content\/uploads\/2020\/07\/vereador-C\u00edcero-Bezerra-408x240.jpg 408w, https:\/\/www.portalalerta.com.br\/wp-content\/uploads\/2020\/07\/vereador-C\u00edcero-Bezerra-248x146.jpg 248w, https:\/\/www.portalalerta.com.br\/wp-content\/uploads\/2020\/07\/vereador-C\u00edcero-Bezerra-50x29.jpg 50w, https:\/\/www.portalalerta.com.br\/wp-content\/uploads\/2020\/07\/vereador-C\u00edcero-Bezerra-127x75.jpg 127w\" sizes=\"(max-width: 720px) 100vw, 720px\" \/><figcaption id=\"caption-attachment-26580\" class=\"wp-caption-text\">C\u00edcero Bezerra foi preso, em aparente estado de embriaguez<\/figcaption><\/figure>\n<p style=\"text-align: justify;\"><em>Fonte: Ozildo Alves<\/em><\/p>\n","protected":false},"excerpt":{"rendered":"<p>O vereador C\u00edcero Bezerra (PDT) foi detido na tarde do \u00faltimo s\u00e1bado (04), na BA-210 em Paulo Afonso-BA, por dirigir supostamente embriagado. C\u00edcero, de 46 anos, se envolveu em um acidente tipo colis\u00e3o com uma motocicleta nas proximidades do Parque de Exposi\u00e7\u00f5es da cidade.<\/p>\n","protected":false},"author":2,"featured_media":26581,"comment_status":"open","ping_status":"open","sticky":false,"template":"","format":"standard","meta":{"om_disable_all_campaigns":false,"_monsterinsights_skip_tracking":false,"_monsterinsights_sitenote_active":false,"_monsterinsights_sitenote_note":"","_monsterinsights_sitenote_category":0,"footnotes":""},"categories":[33,70,69,21,22],"tags":[166,54,656,118,77,80],"class_list":["post-26579","post","type-post","status-publish","format-standard","has-post-thumbnail","hentry","category-bahia","category-destaques","category-noticias2","category-politica","category-seguranca","tag-acidente","tag-bahia","tag-lei-seca","tag-paulo-afonso","tag-preso","tag-vereador"],"aioseo_notices":[],"_links":{"self":[{"href":"https:\/\/www.portalalerta.com.br\/index.php\/wp-json\/wp\/v2\/posts\/26579","targetHints":{"allow":["GET"]}}],"collection":[{"href":"https:\/\/www.portalalerta.com.br\/index.php\/wp-json\/wp\/v2\/posts"}],"about":[{"href":"https:\/\/www.portalalerta.com.br\/index.php\/wp-json\/wp\/v2\/types\/post"}],"author":[{"embeddable":true,"href":"https:\/\/www.portalalerta.com.br\/index.php\/wp-json\/wp\/v2\/users\/2"}],"replies":[{"embeddable":true,"href":"https:\/\/www.portalalerta.com.br\/index.php\/wp-json\/wp\/v2\/comments?post=26579"}],"version-history":[{"count":1,"href":"https:\/\/www.portalalerta.com.br\/index.php\/wp-json\/wp\/v2\/posts\/26579\/revisions"}],"predecessor-version":[{"id":26582,"href":"https:\/\/www.portalalerta.com.br\/index.php\/wp-json\/wp\/v2\/posts\/26579\/revisions\/26582"}],"wp:featuredmedia":[{"embeddable":true,"href":"https:\/\/www.portalalerta.com.br\/index.php\/wp-json\/wp\/v2\/media\/26581"}],"wp:attachment":[{"href":"https:\/\/www.portalalerta.com.br\/index.php\/wp-json\/wp\/v2\/media?parent=26579"}],"wp:term":[{"taxonomy":"category","embeddable":true,"href":"https:\/\/www.portalalerta.com.br\/index.php\/wp-json\/wp\/v2\/categories?post=26579"},{"taxonomy":"post_tag","embeddable":true,"href":"https:\/\/www.portalalerta.com.br\/index.php\/wp-json\/wp\/v2\/tags?post=26579"}],"curies":[{"name":"wp","href":"https:\/\/api.w.org\/{rel}","templated":true}]}}