{"id":26610,"date":"2020-07-06T16:01:41","date_gmt":"2020-07-06T19:01:41","guid":{"rendered":"https:\/\/www.portalalerta.com.br\/?p=26610"},"modified":"2020-07-06T16:01:41","modified_gmt":"2020-07-06T19:01:41","slug":"covid-19-testes-da-vacina-em-sp-comecam-no-dia-20-de-julho","status":"publish","type":"post","link":"https:\/\/www.portalalerta.com.br\/index.php\/2020\/07\/06\/covid-19-testes-da-vacina-em-sp-comecam-no-dia-20-de-julho\/","title":{"rendered":"Covid-19: Testes da vacina em SP come\u00e7am no dia 20 de julho"},"content":{"rendered":"<p style=\"text-align: justify;\">Os testes da terceira etapa da\u00a0vacina \u201cCoronavac\u201d\u00a0contra o\u00a0novo coronav\u00edrus, desenvolvida em parceria do Instituto Butantan com o laborat\u00f3rio chin\u00eas Sinovac Biotech, come\u00e7ar\u00e3o no pr\u00f3ximo dia 20. O an\u00fancio foi feito pelo\u00a0governador de S\u00e3o Paulo, Jo\u00e3o Doria\u00a0(PSDB), durante a coletiva de imprensa desta segunda-feira (6).<!--more--><\/p>\n<p style=\"text-align: justify;\">A fase de testes cl\u00ednicos envolver\u00e1 a aplica\u00e7\u00e3o e acompanhamento cl\u00ednico de 9 mil volunt\u00e1rios no Brasil, que ainda ser\u00e3o selecionados pelos 12 centros de pesquisa nesses estados.\u00a0Segundo Doria, as inscri\u00e7\u00f5es poder\u00e3o ser feitas a partir da pr\u00f3xima segunda-feira (13) e ser\u00e1 obrigat\u00f3ria para profissionais de sa\u00fade.<\/p>\n<p style=\"text-align: justify;\"><img fetchpriority=\"high\" decoding=\"async\" class=\"size-thumbnail wp-image-9394 alignleft\" src=\"https:\/\/www.portalalerta.com.br\/wp-content\/uploads\/2018\/07\/05elab-320x240.jpg\" alt=\"\" width=\"320\" height=\"240\" srcset=\"https:\/\/www.portalalerta.com.br\/wp-content\/uploads\/2018\/07\/05elab-320x240.jpg 320w, https:\/\/www.portalalerta.com.br\/wp-content\/uploads\/2018\/07\/05elab-195x146.jpg 195w, https:\/\/www.portalalerta.com.br\/wp-content\/uploads\/2018\/07\/05elab-50x38.jpg 50w, https:\/\/www.portalalerta.com.br\/wp-content\/uploads\/2018\/07\/05elab-100x75.jpg 100w, https:\/\/www.portalalerta.com.br\/wp-content\/uploads\/2018\/07\/05elab.jpg 400w\" sizes=\"(max-width: 320px) 100vw, 320px\" \/>\u201c\u00c9 um passo importante na vida do p\u00e1is e na vida e sa\u00fade de milh\u00f5es de brasileiros. Torcemos tamb\u00e9m para que a vacina de Oxford produza resultado e possa ser produzida para temros duas vacinas\u201d, celebrou Doria. O aporte financeiro do\u00a0governo no projeto est\u00e1 estimado em R$ 85 milh\u00f5es.<\/p>\n<p style=\"text-align: justify;\">A \u201cCoronavac\u201d j\u00e1 foi submetida a testes em humanos na China. Na fase 1, as doses foram aplicadas em 144 volunt\u00e1rios, e na fase 2 foram ampliadas para 600 volunt\u00e1rios, todos na China.\u00a0Se der certo, a estimativa \u00e9 que esteja dispon\u00edvel \u00e0 popula\u00e7\u00e3o em\u00a0junho de 2021.<\/p>\n<p style=\"text-align: justify;\">Para avan\u00e7ar \u00e0 produ\u00e7\u00e3o de escala industrial, \u00e9 esperado que a CoronaVac alcan\u00e7e ao menos 85% de efic\u00e1cia contra o novo coronav\u00edrus na fase 3, segundo S\u00e9rgio Cimerman, m\u00e9dico infectologista do Instituto Em\u00edlio Ribas.<\/p>\n<p style=\"text-align: justify;\"><strong>SELE\u00c7\u00c3O DOS VOLUNT\u00c1RIOS<\/strong><\/p>\n<p style=\"text-align: justify;\">O diretor do Instituto Butantan, Dimas Covas, explicou que ap\u00f3s a sele\u00e7\u00e3o dos 9 mil volunt\u00e1rios, a aplica\u00e7\u00e3o da vacina ser\u00e1 \u201cum para um\u201d &#8211; um volunt\u00e1rio recebe a vacina, enquanto outro volunt\u00e1rio recebe um placebo, uma subst\u00e2ncia sem efeito.<\/p>\n<p style=\"text-align: justify;\">O recrutamento de volunt\u00e1rios ser\u00e1, em um primeiro momento, reservado para os profissionais de sa\u00fade que trabalham no atendimento de pacientes com Covid-19, n\u00e3o incluindo servidores dos setores administrativos, limpeza e seguran\u00e7a das unidades de sa\u00fade.<\/p>\n<p style=\"text-align: justify;\">Os volunt\u00e1rios devem ter acima de 18 anos e n\u00e3o podem ter sido infectados previamente com a Covid-19. As inscri\u00e7\u00f5es ser\u00e3o feitas por um aplicativo no qual os candidatos podem fazer um cadastramento. \u201cA pessoa tem que estar pr\u00f3xima desses 12 centros e concordar em comparecer periodicamente para que sejam colhidas amostras de sangue para acompanhamento\u201d, explicou Dimas Covas.<\/p>\n<p style=\"text-align: justify;\">Aplicativo estar\u00e1 dispon\u00edvel a partir do dia 13, segundo Doria.<\/p>\n<p style=\"text-align: justify;\"><strong>VACINA SER\u00c1 TESTADA EM 5 ESTADOS<\/strong><\/p>\n<p style=\"text-align: justify;\">Al\u00e9m de S\u00e3o Paulo, a vacina ser\u00e1 testada em outros\u00a0cinco estados brasileiros: Rio de Janeiro, Minas Gerais, Rio Grande do Sul, Paran\u00e1 e Distrito Federal. Na capital paulista, al\u00e9m do Instituto Butantan, os testes tamb\u00e9m ser\u00e3o realizados pelo Hospital das Cl\u00ednicas da Faculdade de Medicina da USP; pelo Instituto de Em\u00edlio Ribas; e pelo Hospital Albert Einstein.<\/p>\n<p style=\"text-align: justify;\">J\u00e1 em outras regi\u00f5es do estado, foram selecionados os centros do Hospital das Cl\u00ednicas da Unicamp; a Universidade Municipal de S\u00e3o Caetano do Sul; a Faculdade de Medicina de S\u00e3o Jos\u00e9 Rio Preto e o Centro de Sa\u00fade Escola da Faculdade de Medicina da USP de Ribeir\u00e3o Preto.<\/p>\n<p style=\"text-align: justify;\">Fora do estado, a testagem da vacina ser\u00e1 realizada pela Universidade de Bras\u00edlia (UnB); pelo Instituto Nacional de Infectologia Evandro Chagas, no Rio de Janeiro; no Centro de Pesquisa e Desenvolvimento de F\u00e1rmacos da Universidade Federal de Minas Gerais; no Hospital S\u00e3o Lucas da PUC do Rio Grande do Sul; e Hospital das Cl\u00ednicas da Universidade Federal do Paran\u00e1.<\/p>\n<p style=\"text-align: justify;\"><em>Fonte: Yahoo Not\u00edcias<\/em><\/p>\n","protected":false},"excerpt":{"rendered":"<p>Os testes da terceira etapa da\u00a0vacina \u201cCoronavac\u201d\u00a0contra o\u00a0novo coronav\u00edrus, desenvolvida em parceria do Instituto Butantan com o laborat\u00f3rio chin\u00eas Sinovac Biotech, come\u00e7ar\u00e3o no pr\u00f3ximo dia 20. O an\u00fancio foi feito pelo\u00a0governador de S\u00e3o Paulo, Jo\u00e3o Doria\u00a0(PSDB), durante a coletiva de imprensa desta segunda-feira (6).<\/p>\n","protected":false},"author":2,"featured_media":21325,"comment_status":"open","ping_status":"open","sticky":false,"template":"","format":"standard","meta":{"om_disable_all_campaigns":false,"_monsterinsights_skip_tracking":false,"_monsterinsights_sitenote_active":false,"_monsterinsights_sitenote_note":"","_monsterinsights_sitenote_category":0,"footnotes":""},"categories":[34,70,35,69,19],"tags":[93,3429,3486,339,61,3570],"class_list":["post-26610","post","type-post","status-publish","format-standard","has-post-thumbnail","hentry","category-brasil","category-destaques","category-mundo","category-noticias2","category-saude","tag-brasil","tag-coronavirus","tag-covid-19","tag-mundo","tag-saude","tag-vacina"],"aioseo_notices":[],"_links":{"self":[{"href":"https:\/\/www.portalalerta.com.br\/index.php\/wp-json\/wp\/v2\/posts\/26610","targetHints":{"allow":["GET"]}}],"collection":[{"href":"https:\/\/www.portalalerta.com.br\/index.php\/wp-json\/wp\/v2\/posts"}],"about":[{"href":"https:\/\/www.portalalerta.com.br\/index.php\/wp-json\/wp\/v2\/types\/post"}],"author":[{"embeddable":true,"href":"https:\/\/www.portalalerta.com.br\/index.php\/wp-json\/wp\/v2\/users\/2"}],"replies":[{"embeddable":true,"href":"https:\/\/www.portalalerta.com.br\/index.php\/wp-json\/wp\/v2\/comments?post=26610"}],"version-history":[{"count":1,"href":"https:\/\/www.portalalerta.com.br\/index.php\/wp-json\/wp\/v2\/posts\/26610\/revisions"}],"predecessor-version":[{"id":26611,"href":"https:\/\/www.portalalerta.com.br\/index.php\/wp-json\/wp\/v2\/posts\/26610\/revisions\/26611"}],"wp:featuredmedia":[{"embeddable":true,"href":"https:\/\/www.portalalerta.com.br\/index.php\/wp-json\/wp\/v2\/media\/21325"}],"wp:attachment":[{"href":"https:\/\/www.portalalerta.com.br\/index.php\/wp-json\/wp\/v2\/media?parent=26610"}],"wp:term":[{"taxonomy":"category","embeddable":true,"href":"https:\/\/www.portalalerta.com.br\/index.php\/wp-json\/wp\/v2\/categories?post=26610"},{"taxonomy":"post_tag","embeddable":true,"href":"https:\/\/www.portalalerta.com.br\/index.php\/wp-json\/wp\/v2\/tags?post=26610"}],"curies":[{"name":"wp","href":"https:\/\/api.w.org\/{rel}","templated":true}]}}