{"id":26612,"date":"2020-07-06T16:15:11","date_gmt":"2020-07-06T19:15:11","guid":{"rendered":"https:\/\/www.portalalerta.com.br\/?p=26612"},"modified":"2020-07-06T16:15:11","modified_gmt":"2020-07-06T19:15:11","slug":"numero-de-testagem-e-de-migrantes-interferem-diretamente-no-quadro-epidemiologico-da-regiao-entenda-as-diferencas-de-cada-municipio","status":"publish","type":"post","link":"https:\/\/www.portalalerta.com.br\/index.php\/2020\/07\/06\/numero-de-testagem-e-de-migrantes-interferem-diretamente-no-quadro-epidemiologico-da-regiao-entenda-as-diferencas-de-cada-municipio\/","title":{"rendered":"N\u00famero de testagem e de migrantes interferem diretamente no quadro epidemiol\u00f3gico da regi\u00e3o. Entenda as diferen\u00e7as de cada munic\u00edpio!"},"content":{"rendered":"<p style=\"text-align: justify;\">Desde o in\u00edcio da pandemia da Covid-19 (Coronav\u00edrus) em 21 munic\u00edpios da regi\u00e3o, com o primeiro registro confirmado em Nova Soure-BA, no dia 24 de mar\u00e7o, o PORTAL ALERTA tem acompanhado a evolu\u00e7\u00e3o da doen\u00e7a nas referidas cidades.<!--more--><\/p>\n<p style=\"text-align: justify;\">No \u00faltimo s\u00e1bado, 04, foi encerrada a 15\u00aa semana de pandemia, onde os gr\u00e1ficos mostram que o n\u00famero de novos infectados, e consequentemente de ativos, continuam aumentando, ultrapassando o total de mil infec\u00e7\u00f5es. <a href=\"https:\/\/www.portalalerta.com.br\/index.php\/2020\/07\/05\/coronavirus-em-15-semanas-de-pandemia-21-cidades-da-regiao-ja-registraram-mais-de-mil-infectados-com-indice-de-cura-de-45\/\"><strong>Veja\u00a0<\/strong><\/a><\/p>\n<p style=\"text-align: justify;\">Dentro deste estudo \u00e9 percept\u00edvel a discrep\u00e2ncia entre os n\u00fameros, sendo que a diferen\u00e7a entre o munic\u00edpio com maior n\u00famero de doentes, para o menor, \u00e9 de 260 casos, j\u00e1 que at\u00e9 o \u00faltimo s\u00e1bado Araci contabilizava 269 infec\u00e7\u00f5es, e Jeremoabo 09.<\/p>\n<p style=\"text-align: justify;\"><img fetchpriority=\"high\" decoding=\"async\" class=\"size-thumbnail wp-image-4869 aligncenter\" src=\"https:\/\/www.portalalerta.com.br\/wp-content\/uploads\/2018\/02\/Auto-Escola-Nobre-720x181.jpg\" alt=\"\" width=\"720\" height=\"181\" srcset=\"https:\/\/www.portalalerta.com.br\/wp-content\/uploads\/2018\/02\/Auto-Escola-Nobre.jpg 720w, https:\/\/www.portalalerta.com.br\/wp-content\/uploads\/2018\/02\/Auto-Escola-Nobre-260x65.jpg 260w, https:\/\/www.portalalerta.com.br\/wp-content\/uploads\/2018\/02\/Auto-Escola-Nobre-50x13.jpg 50w, https:\/\/www.portalalerta.com.br\/wp-content\/uploads\/2018\/02\/Auto-Escola-Nobre-150x38.jpg 150w\" sizes=\"(max-width: 720px) 100vw, 720px\" \/>Ao analisar todos os Boletins Epidemiol\u00f3gicos divulgados, o PORTAL ALERTA percebeu que as quatro cidades com maior n\u00famero de infectados, s\u00e3o respectivamente aquelas com maior quantidade de realiza\u00e7\u00e3o de exames: Araci, Ribeira do Pombal, Nova Soure e Itapicuru. Proporcionalmente falando, Nova Soure tamb\u00e9m se destaca, j\u00e1 que testou 5% da popula\u00e7\u00e3o. O n\u00famero de imigrantes tamb\u00e9m chamou a aten\u00e7\u00e3o. No caso de Araci, os dados constados no Boletim s\u00e3o inconsistentes, por\u00e9m Ribeira do Pombal, Nova Soure e Itapicuru, receberam o maior n\u00famero de pessoas oriundas de outras regi\u00f5es.<\/p>\n<p style=\"text-align: justify;\">Na contram\u00e3o dos n\u00fameros, est\u00e3o Adustina, Cris\u00f3polis, C\u00edcero Dantas, e Quijingue, com as menores quantidades de testes realizados. Proporcionalmente, os quatro munic\u00edpios permanecem com os menores \u00edndices de testagem, inferiores a 1%. Diante deste quadro, \u00e9 poss\u00edvel que esteja havendo subnotifica\u00e7\u00e3o de casos na regi\u00e3o. <strong>Confira o quadro:<\/strong><\/p>\n<p style=\"text-align: justify;\"><img decoding=\"async\" class=\"aligncenter wp-image-26613 size-full\" src=\"https:\/\/www.portalalerta.com.br\/wp-content\/uploads\/2020\/07\/quadro-Covid19-na-regi\u00e3o-2020.jpg\" alt=\"\" width=\"700\" height=\"600\" srcset=\"https:\/\/www.portalalerta.com.br\/wp-content\/uploads\/2020\/07\/quadro-Covid19-na-regi\u00e3o-2020.jpg 700w, https:\/\/www.portalalerta.com.br\/wp-content\/uploads\/2020\/07\/quadro-Covid19-na-regi\u00e3o-2020-280x240.jpg 280w, https:\/\/www.portalalerta.com.br\/wp-content\/uploads\/2020\/07\/quadro-Covid19-na-regi\u00e3o-2020-170x146.jpg 170w, https:\/\/www.portalalerta.com.br\/wp-content\/uploads\/2020\/07\/quadro-Covid19-na-regi\u00e3o-2020-50x43.jpg 50w, https:\/\/www.portalalerta.com.br\/wp-content\/uploads\/2020\/07\/quadro-Covid19-na-regi\u00e3o-2020-88x75.jpg 88w\" sizes=\"(max-width: 700px) 100vw, 700px\" \/>A boa not\u00edcia \u00e9 que, embora a quantidade de novos infectados e casos ativos estejam crescendo, o n\u00famero total de infectados em cada cidade n\u00e3o chegou a 1% do total de habitantes.<\/p>\n<p style=\"text-align: justify;\">Ao todo s\u00e3o 600.373 habitantes, conforme dados fornecidos pelo IBGE, sendo que 1024 pessoas foram infectadas. Chegaram \u00e0 regi\u00e3o mais de 19.000 imigrantes, e foram realizados 11.999 testes.<\/p>\n<p style=\"text-align: justify;\"><strong>Confira a evolu\u00e7\u00e3o da Covid-19 em sua cidade:<\/strong><\/p>\n<p style=\"text-align: justify;\"><a href=\"https:\/\/www.portalalerta.com.br\/index.php\/2020\/05\/25\/saiba-como-esta-a-evolucao-do-covid-19-em-adustina-ba\/\"><strong style=\"font-style: inherit;\">Adustina<\/strong><\/a><\/p>\n<p style=\"text-align: justify;\"><a href=\"https:\/\/www.portalalerta.com.br\/index.php\/2020\/05\/31\/saiba-como-esta-a-evolucao-do-covid-19-em-antas-ba\/\"><strong style=\"font-style: inherit;\">Antas<\/strong><\/a><\/p>\n<p style=\"text-align: justify;\"><a href=\"https:\/\/www.portalalerta.com.br\/index.php\/2020\/05\/26\/saiba-como-esta-a-evolucao-do-covid-19-em-araci-ba\/\"><strong style=\"font-style: inherit;\">Araci<\/strong><\/a><\/p>\n<p style=\"text-align: justify;\"><a href=\"https:\/\/www.portalalerta.com.br\/index.php\/2020\/05\/27\/saiba-como-esta-a-evolucao-do-covid-19-em-banzae-ba\/\"><strong style=\"font-style: inherit;\">Banza\u00ea<\/strong><\/a><\/p>\n<p style=\"text-align: justify;\"><a href=\"https:\/\/www.portalalerta.com.br\/index.php\/2020\/05\/25\/saiba-como-esta-a-evolucao-do-covid-19-em-cicero-dantas-ba\/\"><strong style=\"font-style: inherit;\">C\u00edcero Dantas<\/strong><\/a><\/p>\n<p style=\"text-align: justify;\"><a href=\"https:\/\/www.portalalerta.com.br\/index.php\/2020\/05\/29\/saiba-como-esta-a-evolucao-do-covid-19-em-cipo-ba\/\"><strong style=\"font-style: inherit;\">Cip\u00f3<\/strong><\/a><\/p>\n<p style=\"text-align: justify;\"><a href=\"https:\/\/www.portalalerta.com.br\/index.php\/2020\/05\/27\/saiba-como-esta-a-evolucao-do-covid-19-em-crisopolis-ba\/\"><strong style=\"font-style: inherit;\">Cris\u00f3polis<\/strong><\/a><\/p>\n<p style=\"text-align: justify;\"><a href=\"https:\/\/www.portalalerta.com.br\/index.php\/2020\/05\/27\/saiba-como-esta-a-evolucao-do-covid-19-em-euclides-da-cunha-ba\/\"><strong style=\"font-style: inherit;\">Euclides da Cunha<\/strong><\/a><\/p>\n<p style=\"text-align: justify;\"><a href=\"https:\/\/www.portalalerta.com.br\/index.php\/2020\/05\/31\/saiba-como-esta-a-evolucao-do-covid-19-em-fatima-ba\/\"><strong style=\"font-style: inherit;\">F\u00e1tima<\/strong><\/a><\/p>\n<p style=\"text-align: justify;\"><a href=\"https:\/\/www.portalalerta.com.br\/index.php\/2020\/06\/22\/saiba-como-esta-a-evolucao-do-covid-19-em-heliopolis-ba\/\"><strong style=\"font-style: inherit;\">Heli\u00f3polis<\/strong><\/a><\/p>\n<p style=\"text-align: justify;\"><a href=\"https:\/\/www.portalalerta.com.br\/index.php\/2020\/05\/25\/saiba-como-esta-a-evolucao-do-covid-19-em-itapicuru-ba\/\"><strong style=\"font-style: inherit;\">Itapicuru<\/strong><\/a><\/p>\n<p style=\"text-align: justify;\"><a href=\"https:\/\/www.portalalerta.com.br\/index.php\/2020\/05\/30\/saiba-como-esta-a-evolucao-do-covid-19-em-jeremoabo-ba\/\"><strong style=\"font-style: inherit;\">Jeremoabo<\/strong><\/a><\/p>\n<p style=\"text-align: justify;\"><a href=\"https:\/\/www.portalalerta.com.br\/index.php\/2020\/05\/30\/saiba-como-esta-a-evolucao-do-covid-19-em-nova-soure-ba\/\"><strong style=\"font-style: inherit;\">Nova Soure<\/strong><\/a><\/p>\n<p style=\"text-align: justify;\"><a href=\"https:\/\/www.portalalerta.com.br\/index.php\/2020\/05\/30\/saiba-como-esta-a-evolucao-do-covid-19-em-novo-triunfo-ba\/\"><strong style=\"font-style: inherit;\">Novo Triunfo<\/strong><\/a><\/p>\n<p style=\"text-align: justify;\"><a href=\"https:\/\/www.portalalerta.com.br\/index.php\/2020\/05\/30\/saiba-como-esta-a-evolucao-do-covid-19-em-olindina-ba\/\"><strong style=\"font-style: inherit;\">Olindina<\/strong><\/a><\/p>\n<p style=\"text-align: justify;\"><a href=\"https:\/\/www.portalalerta.com.br\/index.php\/2020\/05\/26\/saiba-como-esta-a-evolucao-do-covid-19-em-paripiranga-ba\/\"><strong style=\"font-style: inherit;\">Paripiranga<\/strong><\/a><\/p>\n<p style=\"text-align: justify;\"><a href=\"https:\/\/www.portalalerta.com.br\/index.php\/2020\/06\/15\/saiba-como-esta-a-evolucao-do-covid-19-em-quijingue-ba\/\"><strong style=\"font-style: inherit;\">Quijingue\u00a0<\/strong><\/a><\/p>\n<p style=\"text-align: justify;\"><a href=\"https:\/\/www.portalalerta.com.br\/index.php\/2020\/05\/29\/saiba-como-esta-a-evolucao-do-covid-19-em-ribeira-do-amparo-ba\/\"><strong style=\"font-style: inherit;\">Ribeira do Amparo<\/strong><\/a><\/p>\n<p style=\"text-align: justify;\"><a href=\"https:\/\/www.portalalerta.com.br\/index.php\/2020\/05\/26\/saiba-como-esta-a-evolucao-do-covid-19-em-ribeira-do-pombal-ba\/\"><strong style=\"font-style: inherit;\">Ribeira do Pombal<\/strong><\/a><\/p>\n<p style=\"text-align: justify;\"><a href=\"https:\/\/www.portalalerta.com.br\/index.php\/2020\/06\/08\/saiba-como-esta-a-evolucao-do-covid-19-em-sitio-do-quinto-ba\/\"><strong style=\"font-style: inherit;\">S\u00edtio do Quinto\u00a0<\/strong><\/a><\/p>\n<p style=\"text-align: justify;\"><a href=\"https:\/\/www.portalalerta.com.br\/index.php\/2020\/05\/27\/saiba-como-esta-a-evolucao-do-covid-19-em-tucano-ba\/\"><strong style=\"font-style: inherit;\">Tucano<\/strong><\/a><\/p>\n<p style=\"text-align: justify;\"><em style=\"font-weight: inherit;\">Reda\u00e7\u00e3o: Portal Alerta<\/em><\/p>\n<p style=\"text-align: justify;\"><em style=\"font-weight: inherit;\"><strong>#fiqueemcasa<\/strong><\/em><\/p>\n<p style=\"text-align: justify;\"><em style=\"font-weight: inherit;\"><strong>#usemascaras<\/strong><\/em><\/p>\n","protected":false},"excerpt":{"rendered":"<p>Desde o in\u00edcio da pandemia da Covid-19 (Coronav\u00edrus) em 21 munic\u00edpios da regi\u00e3o, com o primeiro registro confirmado em Nova Soure-BA, no dia 24 de mar\u00e7o, o PORTAL ALERTA tem acompanhado a evolu\u00e7\u00e3o da doen\u00e7a nas referidas cidades.<\/p>\n","protected":false},"author":2,"featured_media":22081,"comment_status":"open","ping_status":"open","sticky":false,"template":"","format":"standard","meta":{"om_disable_all_campaigns":false,"_monsterinsights_skip_tracking":false,"_monsterinsights_sitenote_active":false,"_monsterinsights_sitenote_note":"","_monsterinsights_sitenote_category":0,"footnotes":""},"categories":[40,5,41,39,4,13,42,70,17,10,6,18,9,69,14,8,15,11,43,32,16,3,19,7,12],"tags":[100,71,48,49,75,45,3429,3486,46,129,1827,107,44,3441,132,230,106,203,120,51,109,278,88,47,61,111,3493,190],"class_list":["post-26612","post","type-post","status-publish","format-standard","has-post-thumbnail","hentry","category-adustina","category-antas","category-araci","category-banzae","category-cicero-dantas","category-cipo","category-crisopolis","category-destaques","category-euclides-da-cunha","category-fatima","category-heliopolis","category-itapicuru","category-jeremoabo","category-noticias2","category-nova-soure","category-novo-triunfo","category-olindina","category-paripiranga","category-quijingue","category-regiao","category-ribeira-do-amparo","category-ribeira-do-pombal","category-saude","category-sitio-do-quinto","category-tucano","tag-adustina","tag-antas","tag-araci","tag-banzae","tag-cicero-dantas","tag-cipo","tag-coronavirus","tag-covid-19","tag-crisopolis","tag-euclides-da-cunha","tag-exames","tag-fatima","tag-heliopolis","tag-imigracao","tag-itapicuru","tag-jeremoabo","tag-nova-soure","tag-novo-triunfo","tag-olindina","tag-paripiranga","tag-quijingue","tag-regiao","tag-ribeira-do-amparo","tag-ribeira-do-pombal","tag-saude","tag-sitio-do-quinto","tag-testes","tag-tucano"],"aioseo_notices":[],"_links":{"self":[{"href":"https:\/\/www.portalalerta.com.br\/index.php\/wp-json\/wp\/v2\/posts\/26612","targetHints":{"allow":["GET"]}}],"collection":[{"href":"https:\/\/www.portalalerta.com.br\/index.php\/wp-json\/wp\/v2\/posts"}],"about":[{"href":"https:\/\/www.portalalerta.com.br\/index.php\/wp-json\/wp\/v2\/types\/post"}],"author":[{"embeddable":true,"href":"https:\/\/www.portalalerta.com.br\/index.php\/wp-json\/wp\/v2\/users\/2"}],"replies":[{"embeddable":true,"href":"https:\/\/www.portalalerta.com.br\/index.php\/wp-json\/wp\/v2\/comments?post=26612"}],"version-history":[{"count":1,"href":"https:\/\/www.portalalerta.com.br\/index.php\/wp-json\/wp\/v2\/posts\/26612\/revisions"}],"predecessor-version":[{"id":26614,"href":"https:\/\/www.portalalerta.com.br\/index.php\/wp-json\/wp\/v2\/posts\/26612\/revisions\/26614"}],"wp:featuredmedia":[{"embeddable":true,"href":"https:\/\/www.portalalerta.com.br\/index.php\/wp-json\/wp\/v2\/media\/22081"}],"wp:attachment":[{"href":"https:\/\/www.portalalerta.com.br\/index.php\/wp-json\/wp\/v2\/media?parent=26612"}],"wp:term":[{"taxonomy":"category","embeddable":true,"href":"https:\/\/www.portalalerta.com.br\/index.php\/wp-json\/wp\/v2\/categories?post=26612"},{"taxonomy":"post_tag","embeddable":true,"href":"https:\/\/www.portalalerta.com.br\/index.php\/wp-json\/wp\/v2\/tags?post=26612"}],"curies":[{"name":"wp","href":"https:\/\/api.w.org\/{rel}","templated":true}]}}