{"id":26636,"date":"2020-07-06T21:05:23","date_gmt":"2020-07-07T00:05:23","guid":{"rendered":"https:\/\/www.portalalerta.com.br\/?p=26636"},"modified":"2020-07-06T21:05:23","modified_gmt":"2020-07-07T00:05:23","slug":"mulher-que-agrediu-verbalmente-fiscal-da-vigilancia-no-rio-de-janeiro-e-demitida","status":"publish","type":"post","link":"https:\/\/www.portalalerta.com.br\/index.php\/2020\/07\/06\/mulher-que-agrediu-verbalmente-fiscal-da-vigilancia-no-rio-de-janeiro-e-demitida\/","title":{"rendered":"Mulher que agrediu verbalmente fiscal da Vigil\u00e2ncia no Rio de Janeiro, \u00e9 demitida"},"content":{"rendered":"<p style=\"text-align: justify;\">A mulher que foi registrada\u00a0agredindo verbalmente\u00a0o\u00a0superintendente de educa\u00e7\u00e3o\u00a0e projetos da Vigil\u00e2ncia Sanit\u00e1ria do Rio, Fl\u00e1vio Gra\u00e7a, foi demitida. Em nota, a empresa TAESA, onde ela trabalhava, afirmou que &#8220;compartilha a indigna\u00e7\u00e3o da sociedade em rela\u00e7\u00e3o a este lament\u00e1vel epis\u00f3dio, sobretudo em um momento no qual o n\u00famero de casos da doen\u00e7a segue em alta no Brasil e no mundo&#8221;.<!--more--><\/p>\n<p style=\"text-align: justify;\">O epis\u00f3dio que causou indigna\u00e7\u00e3o foi\u00a0exibido neste domingo, 05, no programa &#8220;Fant\u00e1stico&#8221;, da TV Globo. Durante uma fiscaliza\u00e7\u00e3o que ocorreu por volta de 21h de s\u00e1bado, dia 4, um casal foi filmado atacou Gra\u00e7a, que \u00e9 m\u00e9dico-veterin\u00e1rio e conduzia a opera\u00e7\u00e3o.<\/p>\n<p style=\"text-align: justify;\">\u2014 Voc\u00ea n\u00e3o vai falar com o seu chefe, n\u00e3o? \u2014 perguntou o homem a Fl\u00e1vio, dando a entender que ele pagava o sal\u00e1rio do superintendente.<\/p>\n<p style=\"text-align: justify;\">Na mesma sequ\u00eancia, a mulher interrompe a conversa e afirma:<\/p>\n<p style=\"text-align: justify;\">\u2014 A gente paga voc\u00ea, filho.<\/p>\n<p style=\"text-align: justify;\">No momento da confus\u00e3o, Fl\u00e1vio tentou explicar ao casal que existiam diversas irregularidades no espa\u00e7o e que os frequentadores n\u00e3o poderiam ficar aglomerados para evitar uma contamina\u00e7\u00e3o em massa. Pelo decreto da Prefeitura, cada mesa com as cadeiras deve ficar com pelo menos dois metros de dist\u00e2ncia umas das outras. Ao informar a determina\u00e7\u00e3o, o cliente, alterado, disse:<\/p>\n<p style=\"text-align: justify;\"><img fetchpriority=\"high\" decoding=\"async\" class=\"size-thumbnail wp-image-25012 aligncenter\" src=\"https:\/\/www.portalalerta.com.br\/wp-content\/uploads\/2020\/06\/real-acordo.1-720x92.jpg\" alt=\"\" width=\"720\" height=\"92\" \/>\u2014 Cad\u00ea a sua trena? Eu quero saber como voc\u00ea mediu as pessoas.<\/p>\n<p style=\"text-align: justify;\">Por fim, ao chamar o homem de cidad\u00e3o, o ataque por parte da mulher:<\/p>\n<p style=\"text-align: justify;\">\u2014 Cidad\u00e3o, n\u00e3o. Engenheiro civil formado e melhor que voc\u00ea.<\/p>\n<p style=\"text-align: justify;\">Leia a nota da TAESA na \u00edntegra:<\/p>\n<p style=\"text-align: justify;\">A TAESA \u00e9 uma companhia comprometida com a seguran\u00e7a e a sa\u00fade n\u00e3o apenas de seus empregados, mas tamb\u00e9m com o bem-estar de toda a sociedade. Desde o in\u00edcio da pandemia da Covid-19, a Taesa implementou in\u00fameras iniciativas para proteger a sa\u00fade de seus profissionais e seus familiares, como o home-office para 100% do seu quadro administrativo, e a ado\u00e7\u00e3o de diversas outras medidas de prote\u00e7\u00e3o para as equipes que operam em campo.<\/p>\n<p style=\"text-align: justify;\">A companhia n\u00e3o compactua com qualquer comportamento que coloque em risco a sa\u00fade de outras pessoas ou com atitudes que desrespeitem o trabalho e a dignidade de profissionais que atuam na preven\u00e7\u00e3o e no controle da pandemia.<\/p>\n<p style=\"text-align: justify;\">A TAESA tomou conhecimento do envolvimento de uma de suas empregadas em um caso de desrespeito \u00e0s leis que visam reduzir o risco de cont\u00e1gio pelo novo coronav\u00edrus e compartilha a indigna\u00e7\u00e3o da sociedade em rela\u00e7\u00e3o a este lament\u00e1vel epis\u00f3dio, sobretudo em um momento no qual o n\u00famero de casos da doen\u00e7a segue em alta no Brasil e no mundo.<\/p>\n<p style=\"text-align: justify;\">A TAESA ressalta que segue respeitando o isolamento e as mais rigorosas regras de preven\u00e7\u00e3o ao coronav\u00edrus e que a empregada em quest\u00e3o desrespeitou a pol\u00edtica vigente na empresa. Diante dos fatos expostos, a TAESA decidiu por sua imediata demiss\u00e3o.<\/p>\n<p style=\"text-align: justify;\"><em>Fonte: Yahoo Not\u00edcias<\/em><\/p>\n","protected":false},"excerpt":{"rendered":"<p>A mulher que foi registrada\u00a0agredindo verbalmente\u00a0o\u00a0superintendente de educa\u00e7\u00e3o\u00a0e projetos da Vigil\u00e2ncia Sanit\u00e1ria do Rio, Fl\u00e1vio Gra\u00e7a, foi demitida. Em nota, a empresa TAESA, onde ela trabalhava, afirmou que &#8220;compartilha a indigna\u00e7\u00e3o da sociedade em rela\u00e7\u00e3o a este lament\u00e1vel epis\u00f3dio, sobretudo em um momento no qual o n\u00famero de casos da doen\u00e7a segue em alta no &hellip;<\/p>\n","protected":false},"author":2,"featured_media":26637,"comment_status":"open","ping_status":"open","sticky":false,"template":"","format":"standard","meta":{"om_disable_all_campaigns":false,"_monsterinsights_skip_tracking":false,"_monsterinsights_sitenote_active":false,"_monsterinsights_sitenote_note":"","_monsterinsights_sitenote_category":0,"footnotes":""},"categories":[34,70,69],"tags":[93,3774,3775,300],"class_list":["post-26636","post","type-post","status-publish","format-standard","has-post-thumbnail","hentry","category-brasil","category-destaques","category-noticias2","tag-brasil","tag-fiscais","tag-ofensas","tag-rio-de-janeiro"],"aioseo_notices":[],"_links":{"self":[{"href":"https:\/\/www.portalalerta.com.br\/index.php\/wp-json\/wp\/v2\/posts\/26636","targetHints":{"allow":["GET"]}}],"collection":[{"href":"https:\/\/www.portalalerta.com.br\/index.php\/wp-json\/wp\/v2\/posts"}],"about":[{"href":"https:\/\/www.portalalerta.com.br\/index.php\/wp-json\/wp\/v2\/types\/post"}],"author":[{"embeddable":true,"href":"https:\/\/www.portalalerta.com.br\/index.php\/wp-json\/wp\/v2\/users\/2"}],"replies":[{"embeddable":true,"href":"https:\/\/www.portalalerta.com.br\/index.php\/wp-json\/wp\/v2\/comments?post=26636"}],"version-history":[{"count":1,"href":"https:\/\/www.portalalerta.com.br\/index.php\/wp-json\/wp\/v2\/posts\/26636\/revisions"}],"predecessor-version":[{"id":26638,"href":"https:\/\/www.portalalerta.com.br\/index.php\/wp-json\/wp\/v2\/posts\/26636\/revisions\/26638"}],"wp:featuredmedia":[{"embeddable":true,"href":"https:\/\/www.portalalerta.com.br\/index.php\/wp-json\/wp\/v2\/media\/26637"}],"wp:attachment":[{"href":"https:\/\/www.portalalerta.com.br\/index.php\/wp-json\/wp\/v2\/media?parent=26636"}],"wp:term":[{"taxonomy":"category","embeddable":true,"href":"https:\/\/www.portalalerta.com.br\/index.php\/wp-json\/wp\/v2\/categories?post=26636"},{"taxonomy":"post_tag","embeddable":true,"href":"https:\/\/www.portalalerta.com.br\/index.php\/wp-json\/wp\/v2\/tags?post=26636"}],"curies":[{"name":"wp","href":"https:\/\/api.w.org\/{rel}","templated":true}]}}