{"id":26641,"date":"2020-07-06T21:21:46","date_gmt":"2020-07-07T00:21:46","guid":{"rendered":"https:\/\/www.portalalerta.com.br\/?p=26641"},"modified":"2020-07-06T21:21:46","modified_gmt":"2020-07-07T00:21:46","slug":"bolsonaro-faz-testes-de-covid-19-e-exame-em-hospital-em-brasilia","status":"publish","type":"post","link":"https:\/\/www.portalalerta.com.br\/index.php\/2020\/07\/06\/bolsonaro-faz-testes-de-covid-19-e-exame-em-hospital-em-brasilia\/","title":{"rendered":"Bolsonaro faz testes de Covid-19 e exame em hospital em Bras\u00edlia"},"content":{"rendered":"<p style=\"text-align: justify;\">O\u00a0presidente Jair Bolsonaro\u00a0(sem partido) fez testes para saber se foi infectado pelo\u00a0novo coronav\u00edrus\u00a0e passou por exames, no Hospital das For\u00e7as Armadas, em Bras\u00edlia, nesta segunda-feira (6).<!--more--><\/p>\n<p style=\"text-align: justify;\">A afirma\u00e7\u00e3o partiu do pr\u00f3prio presidente em um registro por v\u00eddeo durante conversa com apoiadores, na chegada \u00e0 resid\u00eancia oficial no Pal\u00e1cio da Alvorada. \u201cEu vim do hospital agora, fiz uma chapa do pulm\u00e3o, t\u00e1 limpo o pulm\u00e3o, t\u00e1 certo? Vou fazer um exame do Covid agora pouco, mas est\u00e1 tudo bem\u201d, afirmou o presidente.<\/p>\n<p style=\"text-align: justify;\">Segundo a emissora CNN Brasil, Bolsonaro apresentou sintomas da Covid-19 como febre de 38\u00baC e teria cancelado a agenda presidencial para o restante da semana. Bolsonaro, de acordo com a emissora, afirmou que estaria tomando hidroxicloroquina combinada com azitromicina.<\/p>\n<p style=\"text-align: justify;\">No v\u00eddeo, o presidente usava m\u00e1scara e avisou aos simpatizantes que n\u00e3o poderia se aproximar deles por \u201crecomenda\u00e7\u00e3o de todo mundo\u201d. O teste feito por Bolsonaro, ainda segundo a CNN Brasil, ter\u00e1 o resultado divulgado \u00e0s 12h de ter\u00e7a-feira (7).<\/p>\n<p style=\"text-align: justify;\"><img fetchpriority=\"high\" decoding=\"async\" class=\"size-thumbnail wp-image-4869 aligncenter\" src=\"https:\/\/www.portalalerta.com.br\/wp-content\/uploads\/2018\/02\/Auto-Escola-Nobre-720x181.jpg\" alt=\"\" width=\"720\" height=\"181\" srcset=\"https:\/\/www.portalalerta.com.br\/wp-content\/uploads\/2018\/02\/Auto-Escola-Nobre.jpg 720w, https:\/\/www.portalalerta.com.br\/wp-content\/uploads\/2018\/02\/Auto-Escola-Nobre-260x65.jpg 260w, https:\/\/www.portalalerta.com.br\/wp-content\/uploads\/2018\/02\/Auto-Escola-Nobre-50x13.jpg 50w, https:\/\/www.portalalerta.com.br\/wp-content\/uploads\/2018\/02\/Auto-Escola-Nobre-150x38.jpg 150w\" sizes=\"(max-width: 720px) 100vw, 720px\" \/>Bolsonaro j\u00e1 fez outros tr\u00eas testes para detec\u00e7\u00e3o do coronav\u00edrus e havia mantido os resultados sob sigilo. No entanto, o Planalto entregou os exames ao\u00a0STF (Supremo Tribunal Federal)\u00a0ap\u00f3s uma a\u00e7\u00e3o movida pelo jornal &#8220;O Estado de S. Paulo&#8221;, em maio. Todos\u00a0os exames tinham o resultado negativo.<\/p>\n<p style=\"text-align: justify;\">O presidente cancelou pelo menos tr\u00eas agendas oficiais que teria ao longo desta semana. A primeira, que seria a reuni\u00e3o do conselho ministerial, prevista para ter\u00e7a-feira, est\u00e1 suspensa. Bolsonaro tamb\u00e9m cancelou um caf\u00e9 da manh\u00e3 com a bancada de parlamentares de Goi\u00e1s que estava agendado para quarta-feira e tamb\u00e9m uma viagem \u00e0 Bahia, programada anteriormente para sexta-feira.<\/p>\n<p style=\"text-align: justify;\">No fim da tarde, ele n\u00e3o participou de uma cerim\u00f4nia no Sal\u00e3o Nobre do Pal\u00e1cio do Planalto, que contou com a presen\u00e7a da primeira-dama Michelle Bolsonaro e de v\u00e1rios ministros. O presidente deixou o local durante a solenidade, por volta das 17h40. At\u00e9 o momento, a Presid\u00eancia n\u00e3o informou para onde ele foi antes de chegar ao Alvorada.<\/p>\n<p style=\"text-align: justify;\"><strong>HIST\u00d3RICO NA CRISE<\/strong><\/p>\n<p style=\"text-align: justify;\">Desde o in\u00edcio da crise mundial do coronav\u00edrus, o presidente tem dado declara\u00e7\u00f5es nas quais busca minimizar os impactos da pandemia e, ao mesmo, trata como exageradas algumas medidas que est\u00e3o sendo tomadas no exterior e por governadores de estado no pa\u00eds.<\/p>\n<p style=\"text-align: justify;\">Nos protestos de 15 de mar\u00e7o, por exemplo, Bolsonaro desrespeitou recomenda\u00e7\u00f5es do Minist\u00e9rio da Sa\u00fade e cumprimentou apoiadores. &#8220;Se eu resolvi apertar a m\u00e3o do povo, desculpe aqui, eu n\u00e3o convoquei o povo para ir \u00e0s ruas, isso \u00e9 um direito meu. Afinal de contas, eu vim do povo. Eu venho do povo brasileiro.&#8221; Depois, em pronunciamento em cadeia de r\u00e1dio e TV, falou em &#8220;gripezinha ou resfriadinho&#8221;.<\/p>\n<p style=\"text-align: justify;\"><em>Fonte: Yahoo Not\u00edcias<\/em><\/p>\n","protected":false},"excerpt":{"rendered":"<p>O\u00a0presidente Jair Bolsonaro\u00a0(sem partido) fez testes para saber se foi infectado pelo\u00a0novo coronav\u00edrus\u00a0e passou por exames, no Hospital das For\u00e7as Armadas, em Bras\u00edlia, nesta segunda-feira (6).<\/p>\n","protected":false},"author":2,"featured_media":23997,"comment_status":"open","ping_status":"open","sticky":false,"template":"","format":"standard","meta":{"om_disable_all_campaigns":false,"_monsterinsights_skip_tracking":false,"_monsterinsights_sitenote_active":false,"_monsterinsights_sitenote_note":"","_monsterinsights_sitenote_category":0,"footnotes":""},"categories":[34,70,69,21,19],"tags":[93,3429,3486,1827,1395,1152,61],"class_list":["post-26641","post","type-post","status-publish","format-standard","has-post-thumbnail","hentry","category-brasil","category-destaques","category-noticias2","category-politica","category-saude","tag-brasil","tag-coronavirus","tag-covid-19","tag-exames","tag-jair-bolsonaro","tag-presidente-da-republica","tag-saude"],"aioseo_notices":[],"_links":{"self":[{"href":"https:\/\/www.portalalerta.com.br\/index.php\/wp-json\/wp\/v2\/posts\/26641","targetHints":{"allow":["GET"]}}],"collection":[{"href":"https:\/\/www.portalalerta.com.br\/index.php\/wp-json\/wp\/v2\/posts"}],"about":[{"href":"https:\/\/www.portalalerta.com.br\/index.php\/wp-json\/wp\/v2\/types\/post"}],"author":[{"embeddable":true,"href":"https:\/\/www.portalalerta.com.br\/index.php\/wp-json\/wp\/v2\/users\/2"}],"replies":[{"embeddable":true,"href":"https:\/\/www.portalalerta.com.br\/index.php\/wp-json\/wp\/v2\/comments?post=26641"}],"version-history":[{"count":1,"href":"https:\/\/www.portalalerta.com.br\/index.php\/wp-json\/wp\/v2\/posts\/26641\/revisions"}],"predecessor-version":[{"id":26642,"href":"https:\/\/www.portalalerta.com.br\/index.php\/wp-json\/wp\/v2\/posts\/26641\/revisions\/26642"}],"wp:featuredmedia":[{"embeddable":true,"href":"https:\/\/www.portalalerta.com.br\/index.php\/wp-json\/wp\/v2\/media\/23997"}],"wp:attachment":[{"href":"https:\/\/www.portalalerta.com.br\/index.php\/wp-json\/wp\/v2\/media?parent=26641"}],"wp:term":[{"taxonomy":"category","embeddable":true,"href":"https:\/\/www.portalalerta.com.br\/index.php\/wp-json\/wp\/v2\/categories?post=26641"},{"taxonomy":"post_tag","embeddable":true,"href":"https:\/\/www.portalalerta.com.br\/index.php\/wp-json\/wp\/v2\/tags?post=26641"}],"curies":[{"name":"wp","href":"https:\/\/api.w.org\/{rel}","templated":true}]}}