{"id":26652,"date":"2020-07-07T15:27:19","date_gmt":"2020-07-07T18:27:19","guid":{"rendered":"https:\/\/www.portalalerta.com.br\/?p=26652"},"modified":"2020-07-07T15:27:19","modified_gmt":"2020-07-07T18:27:19","slug":"mpf-pede-afastamento-de-ricardo-salles-do-cargo-de-ministro-do-meio-ambiente","status":"publish","type":"post","link":"https:\/\/www.portalalerta.com.br\/index.php\/2020\/07\/07\/mpf-pede-afastamento-de-ricardo-salles-do-cargo-de-ministro-do-meio-ambiente\/","title":{"rendered":"MPF pede afastamento de Ricardo Salles do cargo de ministro do Meio Ambiente"},"content":{"rendered":"<p style=\"text-align: justify;\">Procuradores do Minist\u00e9rio P\u00fablico Federal (MPF) pediram nesta segunda-feira (06) o afastamento de\u00a0Ricardo Salles\u00a0do posto de ministro do Meio Ambiente. Para os procuradores, Salles age com a inten\u00e7\u00e3o de desmontar a prote\u00e7\u00e3o ao meio ambiente no pa\u00eds, incorrendo no ato de improbidade administrativa.<!--more--><\/p>\n<p style=\"text-align: justify;\">Como se trata de a\u00e7\u00e3o de improbidade administrativa, o processo correr\u00e1 na 1\u00aa Inst\u00e2ncia da Justi\u00e7a Federal, em Bras\u00edlia &#8211; o caso s\u00f3 iria para o\u00a0Supremo Tribunal Federal (STF)\u00a0se fosse um processo criminal. A a\u00e7\u00e3o \u00e9 movida por procuradores do Distrito Federal e tamb\u00e9m por integrantes da For\u00e7a-Tarefa Amaz\u00f4nia do MPF.<\/p>\n<p style=\"text-align: justify;\"><img fetchpriority=\"high\" decoding=\"async\" class=\"size-thumbnail wp-image-9394 alignleft\" src=\"https:\/\/www.portalalerta.com.br\/wp-content\/uploads\/2018\/07\/05elab-320x240.jpg\" alt=\"\" width=\"320\" height=\"240\" srcset=\"https:\/\/www.portalalerta.com.br\/wp-content\/uploads\/2018\/07\/05elab-320x240.jpg 320w, https:\/\/www.portalalerta.com.br\/wp-content\/uploads\/2018\/07\/05elab-195x146.jpg 195w, https:\/\/www.portalalerta.com.br\/wp-content\/uploads\/2018\/07\/05elab-50x38.jpg 50w, https:\/\/www.portalalerta.com.br\/wp-content\/uploads\/2018\/07\/05elab-100x75.jpg 100w, https:\/\/www.portalalerta.com.br\/wp-content\/uploads\/2018\/07\/05elab.jpg 400w\" sizes=\"(max-width: 320px) 100vw, 320px\" \/>Na a\u00e7\u00e3o, o MPF relaciona v\u00e1rias a\u00e7\u00f5es de Ricardo Salles \u00e0 frente do Minist\u00e9rio do Meio Ambiente que favoreceriam a desestrutura\u00e7\u00e3o da pol\u00edtica ambiental no Brasil.<\/p>\n<p style=\"text-align: justify;\">Esses atos est\u00e3o agrupados em quatro categorias: desestrutura\u00e7\u00e3o normativa (quando decis\u00f5es assinadas por Salles teriam contribu\u00eddo para enfraquecer o arcabou\u00e7o de leis ambientais); desestrutura\u00e7\u00e3o dos \u00f3rg\u00e3os de transpar\u00eancia e participa\u00e7\u00e3o (como no epis\u00f3dio do esvaziamento de conselhos consultivos); desestrutura\u00e7\u00e3o or\u00e7ament\u00e1ria; e desestrutura\u00e7\u00e3o fiscalizat\u00f3ria, que diz respeito ao desmonte de \u00f3rg\u00e3os de fiscaliza\u00e7\u00e3o ambiental, como o\u00a0Ibama\u00a0e o\u00a0ICMBio.<\/p>\n<p style=\"text-align: justify;\">A a\u00e7\u00e3o traz ainda um pedido cautelar de afastamento de Salles, isto \u00e9, que possa ser atendido pela Justi\u00e7a antes mesmo do julgamento do m\u00e9rito do caso. Para os procuradores, a perman\u00eancia de Salles no cargo pode trazer consequ\u00eancias irrepar\u00e1veis para o meio ambiente.<\/p>\n<p style=\"text-align: justify;\">A a\u00e7\u00e3o tem 126 p\u00e1ginas e \u00e9 assinada por 12 procuradores. No texto, os profissionais pedem ainda que Salles perca os direitos pol\u00edticos durante cinco anos, al\u00e9m de ter de ressarcir danos e pagar multa. Tamb\u00e9m pedem que ele fique proibido de celebrar contratos com o poder p\u00fablico.<\/p>\n<p style=\"text-align: justify;\">&#8220;A perman\u00eancia do requerido Ricardo de Aquinno Salles no cargo de Ministro do Meio Ambiente tem trazido, a cada dia, consequ\u00eancias tr\u00e1gicas \u00e0 prote\u00e7\u00e3o ambiental, especialmente pelo alarmante aumento do desmatamento, sobretudo na Floresta Amaz\u00f4nica&#8221;, escreveram os procuradores.<\/p>\n<p style=\"text-align: justify;\">&#8220;Caso n\u00e3o haja o cautelar afastamento do requerido do cargo de Ministro do Meio Ambiente o aumento exponencial e alarmante do desmatamento da Amaz\u00f4nia, consequ\u00eancia direta do desmonte deliberado de pol\u00edticas p\u00fablicas voltadas \u00e0 prote\u00e7\u00e3o do meio ambiente, pode levar a Floresta Amaz\u00f4nica a um \u2015ponto de n\u00e3o retorno, situa\u00e7\u00e3o na qual a floresta n\u00e3o consegue mais se regenerar&#8221;, diz o texto.<\/p>\n<p style=\"text-align: justify;\"><em>Fonte: Yahoo Not\u00edcias<\/em><\/p>\n","protected":false},"excerpt":{"rendered":"<p>Procuradores do Minist\u00e9rio P\u00fablico Federal (MPF) pediram nesta segunda-feira (06) o afastamento de\u00a0Ricardo Salles\u00a0do posto de ministro do Meio Ambiente. Para os procuradores, Salles age com a inten\u00e7\u00e3o de desmontar a prote\u00e7\u00e3o ao meio ambiente no pa\u00eds, incorrendo no ato de improbidade administrativa.<\/p>\n","protected":false},"author":2,"featured_media":26653,"comment_status":"open","ping_status":"open","sticky":false,"template":"","format":"standard","meta":{"om_disable_all_campaigns":false,"_monsterinsights_skip_tracking":false,"_monsterinsights_sitenote_active":false,"_monsterinsights_sitenote_note":"","_monsterinsights_sitenote_category":0,"footnotes":""},"categories":[34,70,69,21],"tags":[93,3776,2293,440,3777],"class_list":["post-26652","post","type-post","status-publish","format-standard","has-post-thumbnail","hentry","category-brasil","category-destaques","category-noticias2","category-politica","tag-brasil","tag-ministerio-do-meio-ambiente","tag-ministro-do-meio-ambiente","tag-mpf","tag-ricardo-salles"],"aioseo_notices":[],"_links":{"self":[{"href":"https:\/\/www.portalalerta.com.br\/index.php\/wp-json\/wp\/v2\/posts\/26652","targetHints":{"allow":["GET"]}}],"collection":[{"href":"https:\/\/www.portalalerta.com.br\/index.php\/wp-json\/wp\/v2\/posts"}],"about":[{"href":"https:\/\/www.portalalerta.com.br\/index.php\/wp-json\/wp\/v2\/types\/post"}],"author":[{"embeddable":true,"href":"https:\/\/www.portalalerta.com.br\/index.php\/wp-json\/wp\/v2\/users\/2"}],"replies":[{"embeddable":true,"href":"https:\/\/www.portalalerta.com.br\/index.php\/wp-json\/wp\/v2\/comments?post=26652"}],"version-history":[{"count":1,"href":"https:\/\/www.portalalerta.com.br\/index.php\/wp-json\/wp\/v2\/posts\/26652\/revisions"}],"predecessor-version":[{"id":26654,"href":"https:\/\/www.portalalerta.com.br\/index.php\/wp-json\/wp\/v2\/posts\/26652\/revisions\/26654"}],"wp:featuredmedia":[{"embeddable":true,"href":"https:\/\/www.portalalerta.com.br\/index.php\/wp-json\/wp\/v2\/media\/26653"}],"wp:attachment":[{"href":"https:\/\/www.portalalerta.com.br\/index.php\/wp-json\/wp\/v2\/media?parent=26652"}],"wp:term":[{"taxonomy":"category","embeddable":true,"href":"https:\/\/www.portalalerta.com.br\/index.php\/wp-json\/wp\/v2\/categories?post=26652"},{"taxonomy":"post_tag","embeddable":true,"href":"https:\/\/www.portalalerta.com.br\/index.php\/wp-json\/wp\/v2\/tags?post=26652"}],"curies":[{"name":"wp","href":"https:\/\/api.w.org\/{rel}","templated":true}]}}