{"id":2695,"date":"2017-11-23T12:44:08","date_gmt":"2017-11-23T14:44:08","guid":{"rendered":"http:\/\/www.portalalerta.com.br\/?p=2695"},"modified":"2017-11-27T22:40:31","modified_gmt":"2017-11-28T00:40:31","slug":"empresario-de-araci-ba-e-preso-em-acao-que-combate-fraude-de-r-13-milhoes-em-locacao-de-veiculos-de-prefeitura","status":"publish","type":"post","link":"https:\/\/www.portalalerta.com.br\/index.php\/2017\/11\/23\/empresario-de-araci-ba-e-preso-em-acao-que-combate-fraude-de-r-13-milhoes-em-locacao-de-veiculos-de-prefeitura\/","title":{"rendered":"Empres\u00e1rio De Araci-Ba \u00c9 Preso Em A\u00e7\u00e3o Que Combate Fraude De R$ 13 Milh\u00f5es Em Loca\u00e7\u00e3o De Ve\u00edculos De Prefeitura"},"content":{"rendered":"<div class=\"itemIntroText\">\n<p>A Pol\u00edcia Rodovi\u00e1ria Federal, com o apoio da Pol\u00edcia Militar, cumpriu um mandado de pris\u00e3o preventiva na cidade de Araci, regi\u00e3o sisaleira da Bahia, na manh\u00e3 desta ter\u00e7a-feira (21), na \u2018Opera\u00e7\u00e3o Carro Fantasma\u2019. A opera\u00e7\u00e3o deflagrada pelo Minist\u00e9rio P\u00fablico Estadual, por meio do Grupo de Atua\u00e7\u00e3o Especial de Combate \u00e0s Organiza\u00e7\u00f5es Criminosas (Gaeco), investiga um grupo suspeito de atuar em uma organiza\u00e7\u00e3o criminosa instalada na prefeitura de Remanso, cidade localizada no norte da Bahia, durante os anos de 2013 e 2016, atrav\u00e9s de fraude em processos licitat\u00f3rios para loca\u00e7\u00e3o de ve\u00edculos para as secretarias da prefeitura.<\/p>\n<p>&nbsp;<\/p>\n<p><img fetchpriority=\"high\" decoding=\"async\" class=\"alignleft size-full wp-image-2677\" src=\"http:\/\/www.portalalerta.com.br\/wp-content\/uploads\/2017\/11\/elab.jpg\" alt=\"\" width=\"310\" height=\"200\" \/><\/p>\n<\/div>\n<div class=\"itemFullText\">\n<p>Em Araci, o mandado de pris\u00e3o foi cumprido contra o empres\u00e1rio Jos\u00e9 M\u00e1rio da Concei\u00e7\u00e3o, mais conhecido como \u2018Mazinho das Pedras\u2019, que \u00e9 s\u00f3cio-administrador da empresa JMC Construtora, Com\u00e9rcio e Servi\u00e7os Ltda, apontada como respons\u00e1vel pelo desvio de cerca de R$ 13 milh\u00f5es. Segundo os promotores de Justi\u00e7a, o dinheiro p\u00fablico foi utilizado para custear gastos particulares, d\u00edvidas de campanha e compra de apoio pol\u00edtico.<\/p>\n<p>Eles registram ainda que muitos dos ve\u00edculos sublocados pela JMC estavam em nome de \u2018laranjas\u2019 e beneficiavam vereadores e outros pol\u00edticos. Tamb\u00e9m foram apreendidos documentos, celulares, computadores e ve\u00edculos de luxo. Tamb\u00e9m foram presos, em Remanso, o ex-prefeito do munic\u00edpio Celso Silva e Souza, o irm\u00e3o e ex-secret\u00e1rio de Administra\u00e7\u00e3o e Finan\u00e7as, Arismar Silva e Souza, seis vereadores, incluindo o presidente da C\u00e2mara de Vereadores, C\u00e2ndido Francelino de Almeida; al\u00e9m de ex-vereadores e servidores p\u00fablicos.<\/p>\n<p>&nbsp;<\/p>\n<p><em>Fonte: Gazeta do Mell\u00a0<\/em><\/p>\n<\/div>\n","protected":false},"excerpt":{"rendered":"<p>A Pol\u00edcia Rodovi\u00e1ria Federal, com o apoio da Pol\u00edcia Militar, cumpriu um mandado de pris\u00e3o preventiva na cidade de Araci, regi\u00e3o sisaleira da Bahia, na manh\u00e3 desta ter\u00e7a-feira (21), na \u2018Opera\u00e7\u00e3o Carro Fantasma\u2019. A opera\u00e7\u00e3o deflagrada pelo Minist\u00e9rio P\u00fablico Estadual, por meio do Grupo de Atua\u00e7\u00e3o Especial de Combate \u00e0s Organiza\u00e7\u00f5es Criminosas (Gaeco), investiga um &hellip;<\/p>\n","protected":false},"author":1,"featured_media":2888,"comment_status":"closed","ping_status":"open","sticky":false,"template":"","format":"standard","meta":{"om_disable_all_campaigns":false,"_monsterinsights_skip_tracking":false,"_monsterinsights_sitenote_active":false,"_monsterinsights_sitenote_note":"","_monsterinsights_sitenote_category":0,"footnotes":""},"categories":[41],"tags":[48],"class_list":["post-2695","post","type-post","status-publish","format-standard","has-post-thumbnail","hentry","category-araci","tag-araci"],"aioseo_notices":[],"_links":{"self":[{"href":"https:\/\/www.portalalerta.com.br\/index.php\/wp-json\/wp\/v2\/posts\/2695","targetHints":{"allow":["GET"]}}],"collection":[{"href":"https:\/\/www.portalalerta.com.br\/index.php\/wp-json\/wp\/v2\/posts"}],"about":[{"href":"https:\/\/www.portalalerta.com.br\/index.php\/wp-json\/wp\/v2\/types\/post"}],"author":[{"embeddable":true,"href":"https:\/\/www.portalalerta.com.br\/index.php\/wp-json\/wp\/v2\/users\/1"}],"replies":[{"embeddable":true,"href":"https:\/\/www.portalalerta.com.br\/index.php\/wp-json\/wp\/v2\/comments?post=2695"}],"version-history":[{"count":0,"href":"https:\/\/www.portalalerta.com.br\/index.php\/wp-json\/wp\/v2\/posts\/2695\/revisions"}],"wp:featuredmedia":[{"embeddable":true,"href":"https:\/\/www.portalalerta.com.br\/index.php\/wp-json\/wp\/v2\/media\/2888"}],"wp:attachment":[{"href":"https:\/\/www.portalalerta.com.br\/index.php\/wp-json\/wp\/v2\/media?parent=2695"}],"wp:term":[{"taxonomy":"category","embeddable":true,"href":"https:\/\/www.portalalerta.com.br\/index.php\/wp-json\/wp\/v2\/categories?post=2695"},{"taxonomy":"post_tag","embeddable":true,"href":"https:\/\/www.portalalerta.com.br\/index.php\/wp-json\/wp\/v2\/tags?post=2695"}],"curies":[{"name":"wp","href":"https:\/\/api.w.org\/{rel}","templated":true}]}}