{"id":26950,"date":"2020-07-13T08:05:16","date_gmt":"2020-07-13T11:05:16","guid":{"rendered":"https:\/\/www.portalalerta.com.br\/?p=26950"},"modified":"2020-07-13T08:05:16","modified_gmt":"2020-07-13T11:05:16","slug":"morre-ex-deputado-nelson-meurer-condenado-na-lava-jato-e-internado-por-covid-19","status":"publish","type":"post","link":"https:\/\/www.portalalerta.com.br\/index.php\/2020\/07\/13\/morre-ex-deputado-nelson-meurer-condenado-na-lava-jato-e-internado-por-covid-19\/","title":{"rendered":"Morre ex-deputado Nelson Meurer, condenado na Lava Jato e internado por Covid-19"},"content":{"rendered":"<p style=\"text-align: justify;\">Internado com Covid-19, o ex-deputado federal Nelson Meurer, primeiro condenado pelo Supremo Tribunal Federal (STF) na Opera\u00e7\u00e3o Lava Jato, morreu na manh\u00e3 de domingo, 12, aos 77 anos.<!--more--><\/p>\n<p style=\"text-align: justify;\"><img fetchpriority=\"high\" decoding=\"async\" class=\"size-thumbnail wp-image-4869 aligncenter\" src=\"https:\/\/www.portalalerta.com.br\/wp-content\/uploads\/2018\/02\/Auto-Escola-Nobre-720x181.jpg\" alt=\"\" width=\"720\" height=\"181\" srcset=\"https:\/\/www.portalalerta.com.br\/wp-content\/uploads\/2018\/02\/Auto-Escola-Nobre.jpg 720w, https:\/\/www.portalalerta.com.br\/wp-content\/uploads\/2018\/02\/Auto-Escola-Nobre-260x65.jpg 260w, https:\/\/www.portalalerta.com.br\/wp-content\/uploads\/2018\/02\/Auto-Escola-Nobre-50x13.jpg 50w, https:\/\/www.portalalerta.com.br\/wp-content\/uploads\/2018\/02\/Auto-Escola-Nobre-150x38.jpg 150w\" sizes=\"(max-width: 720px) 100vw, 720px\" \/>A morte foi confirmada pelo advogado do ex-deputado e pela dire\u00e7\u00e3o da Penitenci\u00e1ria Estadual de Francisco Beltr\u00e3o, no sudoeste do Paran\u00e1, onde ele cumpria pena de 13 anos e 9 meses, pelos crimes de corrup\u00e7\u00e3o e lavagem de dinheiro.<\/p>\n<p style=\"text-align: justify;\">Meurer\u00a0estava internado em um hospital particular da cidade desde ter\u00e7a-feira\u00a0(7) e teve a confirma\u00e7\u00e3o do diagn\u00f3stico de coronav\u00edrus divulgada na quinta (9) pela defesa dele.<\/p>\n<p style=\"text-align: justify;\"><em>Fonte: Metro1<\/em><\/p>\n","protected":false},"excerpt":{"rendered":"<p>Internado com Covid-19, o ex-deputado federal Nelson Meurer, primeiro condenado pelo Supremo Tribunal Federal (STF) na Opera\u00e7\u00e3o Lava Jato, morreu na manh\u00e3 de domingo, 12, aos 77 anos.<\/p>\n","protected":false},"author":2,"featured_media":26951,"comment_status":"open","ping_status":"open","sticky":false,"template":"","format":"standard","meta":{"om_disable_all_campaigns":false,"_monsterinsights_skip_tracking":false,"_monsterinsights_sitenote_active":false,"_monsterinsights_sitenote_note":"","_monsterinsights_sitenote_category":0,"footnotes":""},"categories":[34,70,69,21,19],"tags":[93,3429,3486,2118,169,199],"class_list":["post-26950","post","type-post","status-publish","format-standard","has-post-thumbnail","hentry","category-brasil","category-destaques","category-noticias2","category-politica","category-saude","tag-brasil","tag-coronavirus","tag-covid-19","tag-ex-deputado","tag-morte","tag-politica"],"aioseo_notices":[],"_links":{"self":[{"href":"https:\/\/www.portalalerta.com.br\/index.php\/wp-json\/wp\/v2\/posts\/26950","targetHints":{"allow":["GET"]}}],"collection":[{"href":"https:\/\/www.portalalerta.com.br\/index.php\/wp-json\/wp\/v2\/posts"}],"about":[{"href":"https:\/\/www.portalalerta.com.br\/index.php\/wp-json\/wp\/v2\/types\/post"}],"author":[{"embeddable":true,"href":"https:\/\/www.portalalerta.com.br\/index.php\/wp-json\/wp\/v2\/users\/2"}],"replies":[{"embeddable":true,"href":"https:\/\/www.portalalerta.com.br\/index.php\/wp-json\/wp\/v2\/comments?post=26950"}],"version-history":[{"count":1,"href":"https:\/\/www.portalalerta.com.br\/index.php\/wp-json\/wp\/v2\/posts\/26950\/revisions"}],"predecessor-version":[{"id":26952,"href":"https:\/\/www.portalalerta.com.br\/index.php\/wp-json\/wp\/v2\/posts\/26950\/revisions\/26952"}],"wp:featuredmedia":[{"embeddable":true,"href":"https:\/\/www.portalalerta.com.br\/index.php\/wp-json\/wp\/v2\/media\/26951"}],"wp:attachment":[{"href":"https:\/\/www.portalalerta.com.br\/index.php\/wp-json\/wp\/v2\/media?parent=26950"}],"wp:term":[{"taxonomy":"category","embeddable":true,"href":"https:\/\/www.portalalerta.com.br\/index.php\/wp-json\/wp\/v2\/categories?post=26950"},{"taxonomy":"post_tag","embeddable":true,"href":"https:\/\/www.portalalerta.com.br\/index.php\/wp-json\/wp\/v2\/tags?post=26950"}],"curies":[{"name":"wp","href":"https:\/\/api.w.org\/{rel}","templated":true}]}}