{"id":26953,"date":"2020-07-13T08:06:40","date_gmt":"2020-07-13T11:06:40","guid":{"rendered":"https:\/\/www.portalalerta.com.br\/?p=26953"},"modified":"2020-07-13T08:06:40","modified_gmt":"2020-07-13T11:06:40","slug":"filha-de-prefeito-de-cidade-baiana-recebe-auxilio-emergencial-e-gestor-diz-que-dinheiro-foi-doado","status":"publish","type":"post","link":"https:\/\/www.portalalerta.com.br\/index.php\/2020\/07\/13\/filha-de-prefeito-de-cidade-baiana-recebe-auxilio-emergencial-e-gestor-diz-que-dinheiro-foi-doado\/","title":{"rendered":"Filha de prefeito de cidade baiana recebe aux\u00edlio emergencial e gestor diz que dinheiro foi doado"},"content":{"rendered":"<p style=\"text-align: justify;\">Um caso de uso irregular do aux\u00edlio emergencial ocorreu em Maiquinique, no M\u00e9dio Sudoeste baiano. \u00c9 que a filha do prefeito da cidade, Jesu\u00edno Porto, n\u00e3o s\u00f3 estava cadastrada como tamb\u00e9m sacou duas parcelas do benef\u00edcio, pago cada uma por R$ 600. Segundo o G1, Hellen Lira Porto \u00e9 estudante de medicina em uma faculdade particular de S\u00e3o Paulo. Ap\u00f3s a descoberta, o fato repercutiu negativamente no munic\u00edpio.<!--more--><\/p>\n<p style=\"text-align: justify;\"><img fetchpriority=\"high\" decoding=\"async\" class=\"size-thumbnail wp-image-25012 aligncenter\" src=\"https:\/\/www.portalalerta.com.br\/wp-content\/uploads\/2020\/06\/real-acordo.1-720x92.jpg\" alt=\"\" width=\"720\" height=\"92\" \/>Em resposta gestor, Jesu\u00edno Porto alegou que o dinheiro foi doado para fam\u00edlias carentes do munic\u00edpio. Atrav\u00e9s de um \u00e1udio compartilhado em redes sociais, o gestor disse que a fam\u00edlia dele n\u00e3o precisa do dinheiro e garantiu que a quantia sacada pela filha foi entregue a ele e depois usada para fazer doa\u00e7\u00f5es. \u201cIsso a\u00ed n\u00e3o \u00e9 montagem, realmente \u00e9 verdade. Hellen fez o cadastro emergencial, recebeu duas parcelas a\u00ed. S\u00f3 que o que ningu\u00e9m sabe \u00e9 que, cada vez que ela recebe a parcela, ela me d\u00e1 o dinheiro e eu doo para uma fam\u00edlia carente\u201d, declara o gestor.<\/p>\n<p style=\"text-align: justify;\">O prefeito ainda afirmou que quando receber a terceira parcela do benef\u00edcio far\u00e1 uma publica\u00e7\u00e3o nas redes sociais e comprovar\u00e1 a destina\u00e7\u00e3o do dinheiro.O Tribunal de Contas da Uni\u00e3o (TCU) j\u00e1 identificou outras 904 pessoas com renda superior ao limite exigido pelos crit\u00e9rios do governo federal que foram contempladas pelo benef\u00edcio.<\/p>\n<p style=\"text-align: justify;\"><em>Fonte: Pombal Not\u00edcias<\/em><\/p>\n<p style=\"text-align: justify;\"><em>Com informa\u00e7\u00f5es: JN Bahia <\/em><\/p>\n","protected":false},"excerpt":{"rendered":"<p>Um caso de uso irregular do aux\u00edlio emergencial ocorreu em Maiquinique, no M\u00e9dio Sudoeste baiano. \u00c9 que a filha do prefeito da cidade, Jesu\u00edno Porto, n\u00e3o s\u00f3 estava cadastrada como tamb\u00e9m sacou duas parcelas do benef\u00edcio, pago cada uma por R$ 600. Segundo o G1, Hellen Lira Porto \u00e9 estudante de medicina em uma faculdade &hellip;<\/p>\n","protected":false},"author":2,"featured_media":3398,"comment_status":"open","ping_status":"open","sticky":false,"template":"","format":"standard","meta":{"om_disable_all_campaigns":false,"_monsterinsights_skip_tracking":false,"_monsterinsights_sitenote_active":false,"_monsterinsights_sitenote_note":"","_monsterinsights_sitenote_category":0,"footnotes":""},"categories":[33,70,69,21],"tags":[3591,54,3781,198],"class_list":["post-26953","post","type-post","status-publish","format-standard","has-post-thumbnail","hentry","category-bahia","category-destaques","category-noticias2","category-politica","tag-auxilio-emergencial","tag-bahia","tag-maiquinique","tag-prefeito"],"aioseo_notices":[],"_links":{"self":[{"href":"https:\/\/www.portalalerta.com.br\/index.php\/wp-json\/wp\/v2\/posts\/26953","targetHints":{"allow":["GET"]}}],"collection":[{"href":"https:\/\/www.portalalerta.com.br\/index.php\/wp-json\/wp\/v2\/posts"}],"about":[{"href":"https:\/\/www.portalalerta.com.br\/index.php\/wp-json\/wp\/v2\/types\/post"}],"author":[{"embeddable":true,"href":"https:\/\/www.portalalerta.com.br\/index.php\/wp-json\/wp\/v2\/users\/2"}],"replies":[{"embeddable":true,"href":"https:\/\/www.portalalerta.com.br\/index.php\/wp-json\/wp\/v2\/comments?post=26953"}],"version-history":[{"count":1,"href":"https:\/\/www.portalalerta.com.br\/index.php\/wp-json\/wp\/v2\/posts\/26953\/revisions"}],"predecessor-version":[{"id":26954,"href":"https:\/\/www.portalalerta.com.br\/index.php\/wp-json\/wp\/v2\/posts\/26953\/revisions\/26954"}],"wp:featuredmedia":[{"embeddable":true,"href":"https:\/\/www.portalalerta.com.br\/index.php\/wp-json\/wp\/v2\/media\/3398"}],"wp:attachment":[{"href":"https:\/\/www.portalalerta.com.br\/index.php\/wp-json\/wp\/v2\/media?parent=26953"}],"wp:term":[{"taxonomy":"category","embeddable":true,"href":"https:\/\/www.portalalerta.com.br\/index.php\/wp-json\/wp\/v2\/categories?post=26953"},{"taxonomy":"post_tag","embeddable":true,"href":"https:\/\/www.portalalerta.com.br\/index.php\/wp-json\/wp\/v2\/tags?post=26953"}],"curies":[{"name":"wp","href":"https:\/\/api.w.org\/{rel}","templated":true}]}}