{"id":26957,"date":"2020-07-13T08:08:19","date_gmt":"2020-07-13T11:08:19","guid":{"rendered":"https:\/\/www.portalalerta.com.br\/?p=26957"},"modified":"2020-07-13T08:08:19","modified_gmt":"2020-07-13T11:08:19","slug":"covid-19-defensoria-publica-realiza-inspecao-no-presidio-de-paulo-afonso-ba","status":"publish","type":"post","link":"https:\/\/www.portalalerta.com.br\/index.php\/2020\/07\/13\/covid-19-defensoria-publica-realiza-inspecao-no-presidio-de-paulo-afonso-ba\/","title":{"rendered":"COVID-19: Defensoria P\u00fablica realiza inspe\u00e7\u00e3o no Pres\u00eddio de Paulo Afonso-BA"},"content":{"rendered":"<p style=\"text-align: justify;\">A Defensoria P\u00fablica do Estado da Bahia \u2013 DPE\/BA realizou uma visita ao Conjunto Penal de Paulo Afonso-BA, para analisar o cumprimento de medidas preventivas epidemiol\u00f3gicas, bem como a oferta de objetos pessoais e de higiene b\u00e1sica, exigidos pela legisla\u00e7\u00e3o brasileira e por tratados internacionais de direitos humanos.<!--more--><\/p>\n<p style=\"text-align: justify;\"><a href=\"https:\/\/www.magazinevoce.com.br\/magazineNvscosta\/p\/faqueiro-tramontina-laguna-inox-100-pecas\/114933\/\"><img fetchpriority=\"high\" decoding=\"async\" class=\"size-thumbnail wp-image-26958 aligncenter\" src=\"https:\/\/www.portalalerta.com.br\/wp-content\/uploads\/2020\/07\/Magalu.7-672x240.jpg\" alt=\"\" width=\"672\" height=\"240\" srcset=\"https:\/\/www.portalalerta.com.br\/wp-content\/uploads\/2020\/07\/Magalu.7-672x240.jpg 672w, https:\/\/www.portalalerta.com.br\/wp-content\/uploads\/2020\/07\/Magalu.7-260x93.jpg 260w, https:\/\/www.portalalerta.com.br\/wp-content\/uploads\/2020\/07\/Magalu.7-50x18.jpg 50w, https:\/\/www.portalalerta.com.br\/wp-content\/uploads\/2020\/07\/Magalu.7-150x54.jpg 150w, https:\/\/www.portalalerta.com.br\/wp-content\/uploads\/2020\/07\/Magalu.7.jpg 700w\" sizes=\"(max-width: 672px) 100vw, 672px\" \/><\/a>Realizada logo agora no in\u00edcio do m\u00eas de julho, a inspe\u00e7\u00e3o ocorreu no m\u00f3dulo feminino e nas instala\u00e7\u00f5es dos presos provis\u00f3rios, do regime fechado e do semiaberto. Presente na ocasi\u00e3o, o defensor p\u00fablico Eduardo Lord\u00e3o observou que o Plano de Contingenciamento feito pela Secretaria de Administra\u00e7\u00e3o Penitenci\u00e1ria \u2013 Seap para os pres\u00eddios do estado baiano est\u00e1 sendo aplicado no Conjunto Penal do munic\u00edpio.<\/p>\n<p style=\"text-align: justify;\">Al\u00e9m de Paulo Afonso, a Defensoria P\u00fablica do Estado da Bahia \u2013 DPE\/BA tamb\u00e9m j\u00e1 realizou inspe\u00e7\u00e3o em conjuntos penais de outros munic\u00edpios, tais como Salvador e Feira de Santana.<\/p>\n<p style=\"text-align: justify;\"><em>Fonte: Joilson Costa<\/em><\/p>\n<p style=\"text-align: justify;\"><em>Com informa\u00e7\u00f5es: ASCOM DP BahiaDEDE<\/em><\/p>\n","protected":false},"excerpt":{"rendered":"<p>A Defensoria P\u00fablica do Estado da Bahia \u2013 DPE\/BA realizou uma visita ao Conjunto Penal de Paulo Afonso-BA, para analisar o cumprimento de medidas preventivas epidemiol\u00f3gicas, bem como a oferta de objetos pessoais e de higiene b\u00e1sica, exigidos pela legisla\u00e7\u00e3o brasileira e por tratados internacionais de direitos humanos.<\/p>\n","protected":false},"author":2,"featured_media":4747,"comment_status":"open","ping_status":"open","sticky":false,"template":"","format":"standard","meta":{"om_disable_all_campaigns":false,"_monsterinsights_skip_tracking":false,"_monsterinsights_sitenote_active":false,"_monsterinsights_sitenote_note":"","_monsterinsights_sitenote_category":0,"footnotes":""},"categories":[33,70,69,19,22],"tags":[54,3429,3486,2143,118,508,61],"class_list":["post-26957","post","type-post","status-publish","format-standard","has-post-thumbnail","hentry","category-bahia","category-destaques","category-noticias2","category-saude","category-seguranca","tag-bahia","tag-coronavirus","tag-covid-19","tag-defensoria-publica","tag-paulo-afonso","tag-penitenciaria","tag-saude"],"aioseo_notices":[],"_links":{"self":[{"href":"https:\/\/www.portalalerta.com.br\/index.php\/wp-json\/wp\/v2\/posts\/26957","targetHints":{"allow":["GET"]}}],"collection":[{"href":"https:\/\/www.portalalerta.com.br\/index.php\/wp-json\/wp\/v2\/posts"}],"about":[{"href":"https:\/\/www.portalalerta.com.br\/index.php\/wp-json\/wp\/v2\/types\/post"}],"author":[{"embeddable":true,"href":"https:\/\/www.portalalerta.com.br\/index.php\/wp-json\/wp\/v2\/users\/2"}],"replies":[{"embeddable":true,"href":"https:\/\/www.portalalerta.com.br\/index.php\/wp-json\/wp\/v2\/comments?post=26957"}],"version-history":[{"count":1,"href":"https:\/\/www.portalalerta.com.br\/index.php\/wp-json\/wp\/v2\/posts\/26957\/revisions"}],"predecessor-version":[{"id":26959,"href":"https:\/\/www.portalalerta.com.br\/index.php\/wp-json\/wp\/v2\/posts\/26957\/revisions\/26959"}],"wp:featuredmedia":[{"embeddable":true,"href":"https:\/\/www.portalalerta.com.br\/index.php\/wp-json\/wp\/v2\/media\/4747"}],"wp:attachment":[{"href":"https:\/\/www.portalalerta.com.br\/index.php\/wp-json\/wp\/v2\/media?parent=26957"}],"wp:term":[{"taxonomy":"category","embeddable":true,"href":"https:\/\/www.portalalerta.com.br\/index.php\/wp-json\/wp\/v2\/categories?post=26957"},{"taxonomy":"post_tag","embeddable":true,"href":"https:\/\/www.portalalerta.com.br\/index.php\/wp-json\/wp\/v2\/tags?post=26957"}],"curies":[{"name":"wp","href":"https:\/\/api.w.org\/{rel}","templated":true}]}}