{"id":26972,"date":"2020-07-14T00:36:27","date_gmt":"2020-07-14T03:36:27","guid":{"rendered":"https:\/\/www.portalalerta.com.br\/?p=26972"},"modified":"2020-07-14T00:36:27","modified_gmt":"2020-07-14T03:36:27","slug":"policia-apreende-arsenal-de-arma-de-fogo-em-araci-ba","status":"publish","type":"post","link":"https:\/\/www.portalalerta.com.br\/index.php\/2020\/07\/14\/policia-apreende-arsenal-de-arma-de-fogo-em-araci-ba\/","title":{"rendered":"Pol\u00edcia apreende arsenal de arma de fogo, em Araci-BA"},"content":{"rendered":"<p style=\"text-align: justify;\">Por volta das 14:00hs desta segunda-feira, 13, policiais militares da CIPE Nordeste que realizavam rondas de rotina no povoado Queimadinha, em Araci-BA, apreenderam oito armas de fogo.<!--more--><\/p>\n<p style=\"text-align: justify;\"><img fetchpriority=\"high\" decoding=\"async\" class=\"alignleft wp-image-26973 size-full\" src=\"https:\/\/www.portalalerta.com.br\/wp-content\/uploads\/2020\/07\/Carn\u00ea-Premiado-Real-2020.jpg\" alt=\"\" width=\"281\" height=\"500\" \/>A a\u00e7\u00e3o ocorreu, ap\u00f3s os militares avistarem um grupo de pessoas em atitude suspeita, que ao perceberem a aproxima\u00e7\u00e3o policial fugiram em dire\u00e7\u00e3o a matagal deixando para tr\u00e1s um saco pl\u00e1stico contendo: 02 espingardas cal. 36; 01 espingarda cal. 9.1; 05 espingardas de calibres n\u00e3o identificados; 17 muni\u00e7\u00f5es cal. 9.1; 12 estojos cal. 28 vazios; 12 estojos cal. 36 vazios; e 02 muni\u00e7\u00f5es cal. 28.<\/p>\n<p style=\"text-align: justify;\">Todo o material foi conduzido e apresentado na Delegacia de Pol\u00edcia Civil da cidade.<\/p>\n<p style=\"text-align: justify;\"><em>Reda\u00e7\u00e3o: Portal Alerta<\/em><\/p>\n<p style=\"text-align: justify;\"><strong><em>#fiqueemcasa<\/em><\/strong><\/p>\n<p style=\"text-align: justify;\"><strong><em>#usemascaras<\/em><\/strong><\/p>\n","protected":false},"excerpt":{"rendered":"<p>Por volta das 14:00hs desta segunda-feira, 13, policiais militares da CIPE Nordeste que realizavam rondas de rotina no povoado Queimadinha, em Araci-BA, apreenderam oito armas de fogo.<\/p>\n","protected":false},"author":2,"featured_media":26975,"comment_status":"open","ping_status":"open","sticky":false,"template":"","format":"standard","meta":{"om_disable_all_campaigns":false,"_monsterinsights_skip_tracking":false,"_monsterinsights_sitenote_active":false,"_monsterinsights_sitenote_note":"","_monsterinsights_sitenote_category":0,"footnotes":""},"categories":[41,70,69,32,22],"tags":[143,48,2123,167,79],"class_list":["post-26972","post","type-post","status-publish","format-standard","has-post-thumbnail","hentry","category-araci","category-destaques","category-noticias2","category-regiao","category-seguranca","tag-apreensao","tag-araci","tag-armas-de-fogo","tag-cipe-nordeste","tag-policia-militar"],"aioseo_notices":[],"_links":{"self":[{"href":"https:\/\/www.portalalerta.com.br\/index.php\/wp-json\/wp\/v2\/posts\/26972","targetHints":{"allow":["GET"]}}],"collection":[{"href":"https:\/\/www.portalalerta.com.br\/index.php\/wp-json\/wp\/v2\/posts"}],"about":[{"href":"https:\/\/www.portalalerta.com.br\/index.php\/wp-json\/wp\/v2\/types\/post"}],"author":[{"embeddable":true,"href":"https:\/\/www.portalalerta.com.br\/index.php\/wp-json\/wp\/v2\/users\/2"}],"replies":[{"embeddable":true,"href":"https:\/\/www.portalalerta.com.br\/index.php\/wp-json\/wp\/v2\/comments?post=26972"}],"version-history":[{"count":1,"href":"https:\/\/www.portalalerta.com.br\/index.php\/wp-json\/wp\/v2\/posts\/26972\/revisions"}],"predecessor-version":[{"id":26976,"href":"https:\/\/www.portalalerta.com.br\/index.php\/wp-json\/wp\/v2\/posts\/26972\/revisions\/26976"}],"wp:featuredmedia":[{"embeddable":true,"href":"https:\/\/www.portalalerta.com.br\/index.php\/wp-json\/wp\/v2\/media\/26975"}],"wp:attachment":[{"href":"https:\/\/www.portalalerta.com.br\/index.php\/wp-json\/wp\/v2\/media?parent=26972"}],"wp:term":[{"taxonomy":"category","embeddable":true,"href":"https:\/\/www.portalalerta.com.br\/index.php\/wp-json\/wp\/v2\/categories?post=26972"},{"taxonomy":"post_tag","embeddable":true,"href":"https:\/\/www.portalalerta.com.br\/index.php\/wp-json\/wp\/v2\/tags?post=26972"}],"curies":[{"name":"wp","href":"https:\/\/api.w.org\/{rel}","templated":true}]}}