{"id":26977,"date":"2020-07-14T00:44:05","date_gmt":"2020-07-14T03:44:05","guid":{"rendered":"https:\/\/www.portalalerta.com.br\/?p=26977"},"modified":"2020-07-14T00:44:05","modified_gmt":"2020-07-14T03:44:05","slug":"criminoso-que-se-passava-por-delegado-da-policia-federal-e-preso-em-paulo-afonso-ba","status":"publish","type":"post","link":"https:\/\/www.portalalerta.com.br\/index.php\/2020\/07\/14\/criminoso-que-se-passava-por-delegado-da-policia-federal-e-preso-em-paulo-afonso-ba\/","title":{"rendered":"Criminoso que se passava por Delegado da Pol\u00edcia Federal \u00e9 preso em Paulo Afonso-BA"},"content":{"rendered":"<p style=\"text-align: justify;\">Um homem que se passava por Delegado da Pol\u00edcia Federal, foi preso durante uma a\u00e7\u00e3o da Pol\u00edcia Civil, em Paulo Afonso-BA, nesta segunda-feira, 13<!--more--><\/p>\n<p style=\"text-align: justify;\">Na ocasi\u00e3o, o criminoso identificado pelas iniciais G.V.S, ao ser abordado, chegou a se identificar com uma Carteira Funcional Digital, cujo C\u00f3digo QR era falso. Desta forma, o criminoso recebeu voz de pris\u00e3o, e confessou que estava fingindo ser um policial pois desejava assassinar um rapaz conhecido como \u201cVav\u00e1\u201d.<\/p>\n<p style=\"text-align: justify;\"><a href=\"https:\/\/www.magazinevoce.com.br\/magazineNvscosta\/p\/smart-tv-crystal-uhd-4k-led-50-samsung-un50tu8000gxzd-wi-fi-bluetooth-hdr-3-hdmi-2-usb\/16054232\/\"><img fetchpriority=\"high\" decoding=\"async\" class=\"size-thumbnail wp-image-26978 aligncenter\" src=\"https:\/\/www.portalalerta.com.br\/wp-content\/uploads\/2020\/07\/Magalu.8-672x240.jpg\" alt=\"\" width=\"672\" height=\"240\" srcset=\"https:\/\/www.portalalerta.com.br\/wp-content\/uploads\/2020\/07\/Magalu.8-672x240.jpg 672w, https:\/\/www.portalalerta.com.br\/wp-content\/uploads\/2020\/07\/Magalu.8-260x93.jpg 260w, https:\/\/www.portalalerta.com.br\/wp-content\/uploads\/2020\/07\/Magalu.8-50x18.jpg 50w, https:\/\/www.portalalerta.com.br\/wp-content\/uploads\/2020\/07\/Magalu.8-150x54.jpg 150w, https:\/\/www.portalalerta.com.br\/wp-content\/uploads\/2020\/07\/Magalu.8.jpg 700w\" sizes=\"(max-width: 672px) 100vw, 672px\" \/><\/a>Al\u00e9m disso, G.V.S foi reconhecido como o autor de um roubo ocorrido num estabelecimento comercial da cidade, no \u00faltimo dia 08.<\/p>\n<p style=\"text-align: justify;\">Al\u00e9m disso, foram encontrados com o criminoso: 01 simulacro de arma de fogo, tipo rev\u00f3lver; 01 simulacro de arma de fogo, tipo espingarda cal. 12; 01 luneta; 01 espingarda; 01 notebook (roubado); 02 aparelhos celulares (roubados); 02 camisas com a escrita \u201cPol\u00edcia Federal); 02 gandolas camufladas; 01 cal\u00e7a camuflada; 01 chap\u00e9u camuflado; e 01 par de coturno.<\/p>\n<p style=\"text-align: justify;\">O criminoso, bem como o material apreendido, foi conduzido para a Delegacia de Pol\u00edcia Civil, onde foi apresentado para a ado\u00e7\u00e3o das medidas cab\u00edveis.<\/p>\n<p style=\"text-align: justify;\"><em>Reda\u00e7\u00e3o: Portal Alerta<\/em><\/p>\n<p style=\"text-align: justify;\"><strong><em>#fiqueemcasa<\/em><\/strong><\/p>\n<p style=\"text-align: justify;\"><strong><em>#usemascaras<\/em><\/strong><\/p>\n","protected":false},"excerpt":{"rendered":"<p>Um homem que se passava por Delegado da Pol\u00edcia Federal, foi preso durante uma a\u00e7\u00e3o da Pol\u00edcia Civil, em Paulo Afonso-BA, nesta segunda-feira, 13<\/p>\n","protected":false},"author":2,"featured_media":26979,"comment_status":"open","ping_status":"open","sticky":false,"template":"","format":"standard","meta":{"om_disable_all_campaigns":false,"_monsterinsights_skip_tracking":false,"_monsterinsights_sitenote_active":false,"_monsterinsights_sitenote_note":"","_monsterinsights_sitenote_category":0,"footnotes":""},"categories":[33,70,69,22],"tags":[54,757,118,122,173,1769,77,367],"class_list":["post-26977","post","type-post","status-publish","format-standard","has-post-thumbnail","hentry","category-bahia","category-destaques","category-noticias2","category-seguranca","tag-bahia","tag-falsidade-ideologica","tag-paulo-afonso","tag-policia-civil","tag-policia-federal","tag-posse-de-arma-de-fogo","tag-preso","tag-roubo"],"aioseo_notices":[],"_links":{"self":[{"href":"https:\/\/www.portalalerta.com.br\/index.php\/wp-json\/wp\/v2\/posts\/26977","targetHints":{"allow":["GET"]}}],"collection":[{"href":"https:\/\/www.portalalerta.com.br\/index.php\/wp-json\/wp\/v2\/posts"}],"about":[{"href":"https:\/\/www.portalalerta.com.br\/index.php\/wp-json\/wp\/v2\/types\/post"}],"author":[{"embeddable":true,"href":"https:\/\/www.portalalerta.com.br\/index.php\/wp-json\/wp\/v2\/users\/2"}],"replies":[{"embeddable":true,"href":"https:\/\/www.portalalerta.com.br\/index.php\/wp-json\/wp\/v2\/comments?post=26977"}],"version-history":[{"count":1,"href":"https:\/\/www.portalalerta.com.br\/index.php\/wp-json\/wp\/v2\/posts\/26977\/revisions"}],"predecessor-version":[{"id":26980,"href":"https:\/\/www.portalalerta.com.br\/index.php\/wp-json\/wp\/v2\/posts\/26977\/revisions\/26980"}],"wp:featuredmedia":[{"embeddable":true,"href":"https:\/\/www.portalalerta.com.br\/index.php\/wp-json\/wp\/v2\/media\/26979"}],"wp:attachment":[{"href":"https:\/\/www.portalalerta.com.br\/index.php\/wp-json\/wp\/v2\/media?parent=26977"}],"wp:term":[{"taxonomy":"category","embeddable":true,"href":"https:\/\/www.portalalerta.com.br\/index.php\/wp-json\/wp\/v2\/categories?post=26977"},{"taxonomy":"post_tag","embeddable":true,"href":"https:\/\/www.portalalerta.com.br\/index.php\/wp-json\/wp\/v2\/tags?post=26977"}],"curies":[{"name":"wp","href":"https:\/\/api.w.org\/{rel}","templated":true}]}}