{"id":26981,"date":"2020-07-14T00:47:42","date_gmt":"2020-07-14T03:47:42","guid":{"rendered":"https:\/\/www.portalalerta.com.br\/?p=26981"},"modified":"2020-07-14T00:58:09","modified_gmt":"2020-07-14T03:58:09","slug":"ribeira-do-pombal-ba-registra-mais-02-novos-casos-28-curas-e-01-suspeita-de-obito-por-covid-19-entenda","status":"publish","type":"post","link":"https:\/\/www.portalalerta.com.br\/index.php\/2020\/07\/14\/ribeira-do-pombal-ba-registra-mais-02-novos-casos-28-curas-e-01-suspeita-de-obito-por-covid-19-entenda\/","title":{"rendered":"Ribeira do Pombal-BA registra mais 02 novos casos, 28 curas, e 01 suspeita de \u00f3bito por Covid-19. Entenda!"},"content":{"rendered":"<p style=\"text-align: justify;\">O Boletim Epidemiol\u00f3gico divulgado pela Secretaria de Sa\u00fade de Ribeira do Pombal-BA, nesta segunda-feira, 13, confirmou mais 02 novos casos e 28 curas da Covid-19 (Coronav\u00edrus), no munic\u00edpio.<!--more--><\/p>\n<p style=\"text-align: justify;\">Desta forma, Ribeira do Pombal-BA soma 232 casos, com 72 ativos (31%), 158 curados (68%), e 02 mortes (1%).<\/p>\n<p style=\"text-align: justify;\"><strong>Morte<\/strong><\/p>\n<p style=\"text-align: justify;\"><img fetchpriority=\"high\" decoding=\"async\" class=\"size-thumbnail wp-image-9394 alignleft\" src=\"https:\/\/www.portalalerta.com.br\/wp-content\/uploads\/2018\/07\/05elab-320x240.jpg\" alt=\"\" width=\"320\" height=\"240\" srcset=\"https:\/\/www.portalalerta.com.br\/wp-content\/uploads\/2018\/07\/05elab-320x240.jpg 320w, https:\/\/www.portalalerta.com.br\/wp-content\/uploads\/2018\/07\/05elab-195x146.jpg 195w, https:\/\/www.portalalerta.com.br\/wp-content\/uploads\/2018\/07\/05elab-50x38.jpg 50w, https:\/\/www.portalalerta.com.br\/wp-content\/uploads\/2018\/07\/05elab-100x75.jpg 100w, https:\/\/www.portalalerta.com.br\/wp-content\/uploads\/2018\/07\/05elab.jpg 400w\" sizes=\"(max-width: 320px) 100vw, 320px\" \/>Al\u00e9m do Boletim Epidemiol\u00f3gico, a Secretaria de Sa\u00fade divulgou uma nota, confirmando a morte de um paciente de 61 anos de idade, que estava internado numa Unidade de Refer\u00eancia ao Covid-19 na Capital Baiana, e teve o \u00f3bito confirmado \u00e0s 17:00hs desta segunda-feira, 13.<\/p>\n<p style=\"text-align: justify;\">Segundo a nota, o paciente foi internado na Unidade de Terapia Intensiva (UTI) do Hospital Geral Santa Tereza, por conta de outras comorbidades, e no dia 05 do corrente m\u00eas foi submetido a um exame RT-PCR, obtendo o resultado positivo para Covid-19, e por isso foi transferido para Salvador-BA.<\/p>\n<p style=\"text-align: justify;\">O causa do falecimento ainda n\u00e3o foi confirmada, tendo em vista que a Unidade onde o paciente morreu n\u00e3o atestou o \u00f3bito.<\/p>\n<p style=\"text-align: justify;\"><a href=\"https:\/\/www.portalalerta.com.br\/index.php\/2020\/05\/26\/saiba-como-esta-a-evolucao-do-covid-19-em-ribeira-do-pombal-ba\/\"><strong style=\"font-style: inherit;\">Clique aqui e saiba como est\u00e1 a evolu\u00e7\u00e3o do Covid-19 em Ribeira do Pombal-BA<\/strong><\/a><\/p>\n<p style=\"text-align: justify;\"><em style=\"font-weight: inherit;\">Reda\u00e7\u00e3o: Portal Alerta<\/em><\/p>\n<p style=\"text-align: justify;\"><em style=\"font-weight: inherit;\"><strong>#fiqueemcasa\u00a0\u00a0\u00a0\u00a0<\/strong><\/em><\/p>\n<p style=\"text-align: justify;\"><em style=\"font-weight: inherit;\"><strong>#usemascaras<\/strong><\/em><\/p>\n","protected":false},"excerpt":{"rendered":"<p>O Boletim Epidemiol\u00f3gico divulgado pela Secretaria de Sa\u00fade de Ribeira do Pombal-BA, nesta segunda-feira, 13, confirmou mais 02 novos casos e 28 curas da Covid-19 (Coronav\u00edrus), no munic\u00edpio.<\/p>\n","protected":false},"author":2,"featured_media":23627,"comment_status":"open","ping_status":"open","sticky":false,"template":"","format":"standard","meta":{"om_disable_all_campaigns":false,"_monsterinsights_skip_tracking":false,"_monsterinsights_sitenote_active":false,"_monsterinsights_sitenote_note":"","_monsterinsights_sitenote_category":0,"footnotes":""},"categories":[70,69,32,3,19],"tags":[3429,3486,3454,3724,169,47,61],"class_list":["post-26981","post","type-post","status-publish","format-standard","has-post-thumbnail","hentry","category-destaques","category-noticias2","category-regiao","category-ribeira-do-pombal","category-saude","tag-coronavirus","tag-covid-19","tag-cura","tag-infeccao","tag-morte","tag-ribeira-do-pombal","tag-saude"],"aioseo_notices":[],"_links":{"self":[{"href":"https:\/\/www.portalalerta.com.br\/index.php\/wp-json\/wp\/v2\/posts\/26981","targetHints":{"allow":["GET"]}}],"collection":[{"href":"https:\/\/www.portalalerta.com.br\/index.php\/wp-json\/wp\/v2\/posts"}],"about":[{"href":"https:\/\/www.portalalerta.com.br\/index.php\/wp-json\/wp\/v2\/types\/post"}],"author":[{"embeddable":true,"href":"https:\/\/www.portalalerta.com.br\/index.php\/wp-json\/wp\/v2\/users\/2"}],"replies":[{"embeddable":true,"href":"https:\/\/www.portalalerta.com.br\/index.php\/wp-json\/wp\/v2\/comments?post=26981"}],"version-history":[{"count":2,"href":"https:\/\/www.portalalerta.com.br\/index.php\/wp-json\/wp\/v2\/posts\/26981\/revisions"}],"predecessor-version":[{"id":26985,"href":"https:\/\/www.portalalerta.com.br\/index.php\/wp-json\/wp\/v2\/posts\/26981\/revisions\/26985"}],"wp:featuredmedia":[{"embeddable":true,"href":"https:\/\/www.portalalerta.com.br\/index.php\/wp-json\/wp\/v2\/media\/23627"}],"wp:attachment":[{"href":"https:\/\/www.portalalerta.com.br\/index.php\/wp-json\/wp\/v2\/media?parent=26981"}],"wp:term":[{"taxonomy":"category","embeddable":true,"href":"https:\/\/www.portalalerta.com.br\/index.php\/wp-json\/wp\/v2\/categories?post=26981"},{"taxonomy":"post_tag","embeddable":true,"href":"https:\/\/www.portalalerta.com.br\/index.php\/wp-json\/wp\/v2\/tags?post=26981"}],"curies":[{"name":"wp","href":"https:\/\/api.w.org\/{rel}","templated":true}]}}