{"id":26989,"date":"2020-07-14T13:58:11","date_gmt":"2020-07-14T16:58:11","guid":{"rendered":"https:\/\/www.portalalerta.com.br\/?p=26989"},"modified":"2020-07-14T13:58:11","modified_gmt":"2020-07-14T16:58:11","slug":"bolsonaro-diz-estar-muito-bem-e-que-deve-fazer-novo-exame-de-covid-19-na-terca-feira","status":"publish","type":"post","link":"https:\/\/www.portalalerta.com.br\/index.php\/2020\/07\/14\/bolsonaro-diz-estar-muito-bem-e-que-deve-fazer-novo-exame-de-covid-19-na-terca-feira\/","title":{"rendered":"Bolsonaro diz estar &#8220;muito bem&#8221; e que deve fazer novo exame de Covid-19 na ter\u00e7a-feira"},"content":{"rendered":"<p style=\"text-align: justify;\">O\u00a0presidente Jair Bolsonaro\u00a0afirmou nesta segunda-feira que est\u00e1 se sentindo &#8220;muito bem&#8221; e que far\u00e1 novo exame de Covid-19 na ter\u00e7a-feira, podendo voltar ao trabalho no Pal\u00e1cio do Planalto caso fique demonstrado que est\u00e1 livre do\u00a0novo coronav\u00edrus.<!--more--><\/p>\n<p style=\"text-align: justify;\">Bolsonaro afirmou ainda, em entrevista por telefone \u00e0 CNN Brasil, que est\u00e1 em isolamento em um quarto no Pal\u00e1cio da Alvorada, exceto nos momentos em que vai a um escrit\u00f3rio dentro do pal\u00e1cio para despachar.<\/p>\n<p style=\"text-align: justify;\">&#8220;Eu estou muito bem&#8221;, disse o presidente, lembrando que se sentiu mal exatamente h\u00e1 uma semana, quando teve &#8220;febre, mal estar e canseira&#8221;, mas que desde o dia seguinte tem se sentido bem.<\/p>\n<p style=\"text-align: justify;\">&#8220;Amanh\u00e3 est\u00e1 previsto, n\u00e3o sei se vai se confirmar, um novo exame, e se estiver tudo bem, a gente volta ao trabalho. Caso contr\u00e1rio, espera mais alguns dias&#8221;, afirmou. &#8220;Eu aguardo com bastante ansiedade porque eu n\u00e3o aguento essa rotina de ficar dentro de casa, \u00e9 horr\u00edvel. No mais, tudo bem.&#8221;<\/p>\n<p style=\"text-align: justify;\">Desde a confirma\u00e7\u00e3o do resultado positivo, Bolsonaro tem se mantido em isolamento no Pal\u00e1cio da Alvorada, sua resid\u00eancia oficial, e realizado audi\u00eancias por videoconfer\u00eancia.<\/p>\n<p style=\"text-align: justify;\">O presidente disse que os assessores com quem tem tido contato no Alvorada j\u00e1 tiveram a Covid-19, portanto j\u00e1 t\u00eam os anticorpos para a doen\u00e7a, mas afirmou que mesmo assim tem mantido cuidados como o uso da m\u00e1scara e o distanciamento social.<\/p>\n<p style=\"text-align: justify;\">A esposa do presidente, Michelle Bolsonaro, informou que seu exame para a Covid-19 deu negativo.<\/p>\n<p style=\"text-align: justify;\">&#8220;Aqui t\u00e1 tudo muito bem conduzido para que eu, em si, n\u00e3o transmita para ningu\u00e9m, siga os protocolos e aguarde o dia de retornar \u00e0 atividade normal&#8221;, disse Bolsonaro na entrevista.<\/p>\n<p style=\"text-align: justify;\"><img fetchpriority=\"high\" decoding=\"async\" class=\"alignleft wp-image-26973 size-full\" src=\"https:\/\/www.portalalerta.com.br\/wp-content\/uploads\/2020\/07\/Carn\u00ea-Premiado-Real-2020.jpg\" alt=\"\" width=\"281\" height=\"500\" \/>Questionado se acredita que voltar\u00e1 \u00e0 rotina normal no Pal\u00e1cio do Planalto na pr\u00f3xima semana, Bolsonaro disse que sim, mas ressaltou que precisa antes do resultado do teste.<\/p>\n<p style=\"text-align: justify;\">&#8220;Olha, se \u00e9 pelo que eu estou me sentindo, sim. Mas obviamente temos que saber se eu tenho o v\u00edrus ainda ou n\u00e3o, n\u00e9? Porque se eu voltar, eu posso transmitir para algu\u00e9m. Ent\u00e3o, enquanto n\u00e3o estiver livre do v\u00edrus, eu continuo aqui.&#8221;<\/p>\n<p style=\"text-align: justify;\">O presidente anunciou na ter\u00e7a-feira passada que\u00a0testou positivo para a Covid-19\u00a0depois de se submeter a teste na v\u00e9spera. Na ocasi\u00e3o, Bolsonaro afirmou que os sintomas se manifestaram no fim da semana retrasada e que procurou atendimento no Hospital das For\u00e7as Armadas (HFA)\u00a0j\u00e1 na segunda-feira (6).<\/p>\n<p style=\"text-align: justify;\">&#8220;Come\u00e7ou domingo com certa indisposi\u00e7\u00e3o. E se agravou durante o dia de segunda-feira, com mal estar, cansa\u00e7o, um pouco de dor muscular e febre chegou a 38\u00baC. Com esses sintomas e m\u00e9dico apontando para covid-19, fizemos tomografia no Hospital das For\u00e7as Armadas&#8221;, disse o presidente admitindo n\u00e3o estar surpreso com o resultado. Foi o quarto exame p\u00fablico feito pelo presidente. Nos outros, realizados em 12, 17 e 18 de mar\u00e7o, o resultado foi negativo.<\/p>\n<p style=\"text-align: justify;\">Mesmo sem ter conhecimento do seu diagn\u00f3stico, Bolsonaro come\u00e7ou a tomar\u00a0hidroxicloroquina\u00a0com azitromicina, ainda que esses medicamento n\u00e3o possuam uso eficaz comprovado pela ci\u00eancia. Na semana passada, protagonizou\u00a0um v\u00eddeo no qual afirma estar tomando a terceira dose\u00a0do medicamento e fez propaganda do tratamento.<\/p>\n<p style=\"text-align: justify;\"><strong>HIST\u00d3RICO NA CRISE<\/strong><\/p>\n<p style=\"text-align: justify;\">Desde o in\u00edcio da crise mundial do coronav\u00edrus, o presidente tem dado declara\u00e7\u00f5es nas quais busca minimizar os impactos da pandemia e, ao mesmo, trata como exageradas algumas medidas que est\u00e3o sendo tomadas no exterior e por governadores de estado no pa\u00eds.<\/p>\n<p style=\"text-align: justify;\">Nos protestos de 15 de mar\u00e7o, por exemplo, Bolsonaro desrespeitou recomenda\u00e7\u00f5es do Minist\u00e9rio da Sa\u00fade e cumprimentou apoiadores. &#8220;Se eu resolvi apertar a m\u00e3o do povo, desculpe aqui, eu n\u00e3o convoquei o povo para ir \u00e0s ruas, isso \u00e9 um direito meu. Afinal de contas, eu vim do povo. Eu venho do povo brasileiro.&#8221; Depois, em pronunciamento em cadeia de r\u00e1dio e TV, falou em &#8220;gripezinha ou resfriadinho&#8221;.<\/p>\n<p style=\"text-align: justify;\"><em>Fonte: Yahoo Not\u00edcias<\/em><\/p>\n","protected":false},"excerpt":{"rendered":"<p>O\u00a0presidente Jair Bolsonaro\u00a0afirmou nesta segunda-feira que est\u00e1 se sentindo &#8220;muito bem&#8221; e que far\u00e1 novo exame de Covid-19 na ter\u00e7a-feira, podendo voltar ao trabalho no Pal\u00e1cio do Planalto caso fique demonstrado que est\u00e1 livre do\u00a0novo coronav\u00edrus.<\/p>\n","protected":false},"author":2,"featured_media":23997,"comment_status":"open","ping_status":"open","sticky":false,"template":"","format":"standard","meta":{"om_disable_all_campaigns":false,"_monsterinsights_skip_tracking":false,"_monsterinsights_sitenote_active":false,"_monsterinsights_sitenote_note":"","_monsterinsights_sitenote_category":0,"footnotes":""},"categories":[34,70,69,21,19],"tags":[93,3429,3486,1395,61],"class_list":["post-26989","post","type-post","status-publish","format-standard","has-post-thumbnail","hentry","category-brasil","category-destaques","category-noticias2","category-politica","category-saude","tag-brasil","tag-coronavirus","tag-covid-19","tag-jair-bolsonaro","tag-saude"],"aioseo_notices":[],"_links":{"self":[{"href":"https:\/\/www.portalalerta.com.br\/index.php\/wp-json\/wp\/v2\/posts\/26989","targetHints":{"allow":["GET"]}}],"collection":[{"href":"https:\/\/www.portalalerta.com.br\/index.php\/wp-json\/wp\/v2\/posts"}],"about":[{"href":"https:\/\/www.portalalerta.com.br\/index.php\/wp-json\/wp\/v2\/types\/post"}],"author":[{"embeddable":true,"href":"https:\/\/www.portalalerta.com.br\/index.php\/wp-json\/wp\/v2\/users\/2"}],"replies":[{"embeddable":true,"href":"https:\/\/www.portalalerta.com.br\/index.php\/wp-json\/wp\/v2\/comments?post=26989"}],"version-history":[{"count":1,"href":"https:\/\/www.portalalerta.com.br\/index.php\/wp-json\/wp\/v2\/posts\/26989\/revisions"}],"predecessor-version":[{"id":26990,"href":"https:\/\/www.portalalerta.com.br\/index.php\/wp-json\/wp\/v2\/posts\/26989\/revisions\/26990"}],"wp:featuredmedia":[{"embeddable":true,"href":"https:\/\/www.portalalerta.com.br\/index.php\/wp-json\/wp\/v2\/media\/23997"}],"wp:attachment":[{"href":"https:\/\/www.portalalerta.com.br\/index.php\/wp-json\/wp\/v2\/media?parent=26989"}],"wp:term":[{"taxonomy":"category","embeddable":true,"href":"https:\/\/www.portalalerta.com.br\/index.php\/wp-json\/wp\/v2\/categories?post=26989"},{"taxonomy":"post_tag","embeddable":true,"href":"https:\/\/www.portalalerta.com.br\/index.php\/wp-json\/wp\/v2\/tags?post=26989"}],"curies":[{"name":"wp","href":"https:\/\/api.w.org\/{rel}","templated":true}]}}