{"id":26999,"date":"2020-07-14T17:49:25","date_gmt":"2020-07-14T20:49:25","guid":{"rendered":"https:\/\/www.portalalerta.com.br\/?p=26999"},"modified":"2020-07-14T17:49:25","modified_gmt":"2020-07-14T20:49:25","slug":"vacina-da-russia-passa-em-testes-e-lancamento-esta-previsto-para-agosto","status":"publish","type":"post","link":"https:\/\/www.portalalerta.com.br\/index.php\/2020\/07\/14\/vacina-da-russia-passa-em-testes-e-lancamento-esta-previsto-para-agosto\/","title":{"rendered":"Vacina da R\u00fassia passa em testes e lan\u00e7amento est\u00e1 previsto para agosto"},"content":{"rendered":"<p style=\"text-align: justify;\">Cientistas da R\u00fassia disseram na \u00faltima segunda-feira, 13, que esperam que a primeira vacina contra o coronav\u00edrus do mundo seja distribu\u00edda j\u00e1 no m\u00eas que vem, ap\u00f3s concluir ensaios cl\u00ednicos com volunt\u00e1rios.<!--more--><\/p>\n<p style=\"text-align: justify;\"><img fetchpriority=\"high\" decoding=\"async\" class=\"size-thumbnail wp-image-4869 aligncenter\" src=\"https:\/\/www.portalalerta.com.br\/wp-content\/uploads\/2018\/02\/Auto-Escola-Nobre-720x181.jpg\" alt=\"\" width=\"720\" height=\"181\" srcset=\"https:\/\/www.portalalerta.com.br\/wp-content\/uploads\/2018\/02\/Auto-Escola-Nobre.jpg 720w, https:\/\/www.portalalerta.com.br\/wp-content\/uploads\/2018\/02\/Auto-Escola-Nobre-260x65.jpg 260w, https:\/\/www.portalalerta.com.br\/wp-content\/uploads\/2018\/02\/Auto-Escola-Nobre-50x13.jpg 50w, https:\/\/www.portalalerta.com.br\/wp-content\/uploads\/2018\/02\/Auto-Escola-Nobre-150x38.jpg 150w\" sizes=\"(max-width: 720px) 100vw, 720px\" \/>\u201cA pesquisa foi conclu\u00edda e provou que a vacina \u00e9 segura\u201d, disse Yelena Smolyarchuk, chefe do centro de pesquisa cl\u00ednica da Universidade Sechenov, \u00e0 ag\u00eancia de not\u00edcias russa TASS.<\/p>\n<p style=\"text-align: justify;\">Com isso, a previs\u00e3o \u00e9 que o imunizante seja registrado e entre em \u201ccircula\u00e7\u00e3o civil\u201d entre os dias 12 e 14 de agosto. J\u00e1 o in\u00edcio da produ\u00e7\u00e3o em massa \u00e9 aguardado at\u00e9 setembro por parte de empresas privadas.<\/p>\n<p style=\"text-align: justify;\"><em>Fonte: R\u00e1dio Povo<\/em><\/p>\n<p style=\"text-align: justify;\"><em>Com informa\u00e7\u00f5es: \u00a0Metro1<\/em><\/p>\n","protected":false},"excerpt":{"rendered":"<p>Cientistas da R\u00fassia disseram na \u00faltima segunda-feira, 13, que esperam que a primeira vacina contra o coronav\u00edrus do mundo seja distribu\u00edda j\u00e1 no m\u00eas que vem, ap\u00f3s concluir ensaios cl\u00ednicos com volunt\u00e1rios.<\/p>\n","protected":false},"author":2,"featured_media":27000,"comment_status":"open","ping_status":"open","sticky":false,"template":"","format":"standard","meta":{"om_disable_all_campaigns":false,"_monsterinsights_skip_tracking":false,"_monsterinsights_sitenote_active":false,"_monsterinsights_sitenote_note":"","_monsterinsights_sitenote_category":0,"footnotes":""},"categories":[70,35,69,19],"tags":[3429,3486,339,826,61,3570],"class_list":["post-26999","post","type-post","status-publish","format-standard","has-post-thumbnail","hentry","category-destaques","category-mundo","category-noticias2","category-saude","tag-coronavirus","tag-covid-19","tag-mundo","tag-russia","tag-saude","tag-vacina"],"aioseo_notices":[],"_links":{"self":[{"href":"https:\/\/www.portalalerta.com.br\/index.php\/wp-json\/wp\/v2\/posts\/26999","targetHints":{"allow":["GET"]}}],"collection":[{"href":"https:\/\/www.portalalerta.com.br\/index.php\/wp-json\/wp\/v2\/posts"}],"about":[{"href":"https:\/\/www.portalalerta.com.br\/index.php\/wp-json\/wp\/v2\/types\/post"}],"author":[{"embeddable":true,"href":"https:\/\/www.portalalerta.com.br\/index.php\/wp-json\/wp\/v2\/users\/2"}],"replies":[{"embeddable":true,"href":"https:\/\/www.portalalerta.com.br\/index.php\/wp-json\/wp\/v2\/comments?post=26999"}],"version-history":[{"count":1,"href":"https:\/\/www.portalalerta.com.br\/index.php\/wp-json\/wp\/v2\/posts\/26999\/revisions"}],"predecessor-version":[{"id":27001,"href":"https:\/\/www.portalalerta.com.br\/index.php\/wp-json\/wp\/v2\/posts\/26999\/revisions\/27001"}],"wp:featuredmedia":[{"embeddable":true,"href":"https:\/\/www.portalalerta.com.br\/index.php\/wp-json\/wp\/v2\/media\/27000"}],"wp:attachment":[{"href":"https:\/\/www.portalalerta.com.br\/index.php\/wp-json\/wp\/v2\/media?parent=26999"}],"wp:term":[{"taxonomy":"category","embeddable":true,"href":"https:\/\/www.portalalerta.com.br\/index.php\/wp-json\/wp\/v2\/categories?post=26999"},{"taxonomy":"post_tag","embeddable":true,"href":"https:\/\/www.portalalerta.com.br\/index.php\/wp-json\/wp\/v2\/tags?post=26999"}],"curies":[{"name":"wp","href":"https:\/\/api.w.org\/{rel}","templated":true}]}}