{"id":27002,"date":"2020-07-14T18:01:58","date_gmt":"2020-07-14T21:01:58","guid":{"rendered":"https:\/\/www.portalalerta.com.br\/?p=27002"},"modified":"2020-07-14T18:01:58","modified_gmt":"2020-07-14T21:01:58","slug":"mais-de-300-veiculos-retidos-pela-prf-nas-regioes-de-paulo-afonso-ba-e-ribeira-do-pombal-ba-vao-a-leilao","status":"publish","type":"post","link":"https:\/\/www.portalalerta.com.br\/index.php\/2020\/07\/14\/mais-de-300-veiculos-retidos-pela-prf-nas-regioes-de-paulo-afonso-ba-e-ribeira-do-pombal-ba-vao-a-leilao\/","title":{"rendered":"Mais de 300 ve\u00edculos retidos pela PRF nas regi\u00f5es de Paulo Afonso-BA e Ribeira do Pombal-BA, v\u00e3o \u00e0 Leil\u00e3o"},"content":{"rendered":"<p style=\"text-align: justify;\">A Pol\u00edcia Rodovi\u00e1ria Federal (SPRF\/BA), realizar\u00e1 um leil\u00e3o de ve\u00edculos, classificados como sucatas, que foram retidos nas unidades policiais da PRF sob circunscri\u00e7\u00e3o da Delegacia de Paulo Afonso.<!--more--><\/p>\n<p style=\"text-align: justify;\"><img fetchpriority=\"high\" decoding=\"async\" class=\"alignleft wp-image-26973 size-full\" src=\"https:\/\/www.portalalerta.com.br\/wp-content\/uploads\/2020\/07\/Carn\u00ea-Premiado-Real-2020.jpg\" alt=\"\" width=\"281\" height=\"500\" \/><\/p>\n<p>&nbsp;<\/p>\n<p style=\"text-align: justify;\">As ofertas ocorrer\u00e3o, somente, na modalidade on-line (internet) a partir do dia 16 de julho e se encerrar\u00e1 \u00e0s 14h do dia 30\/07\/2020, atrav\u00e9s do site (<a href=\"https:\/\/www.batistaregisleiloes.com.br\/externo\/leilao\/19\/leilao-policia-rodoviaria-federal-prf\">https:\/\/www.batistaregisleiloes.com.br<\/a>).<\/p>\n<p style=\"text-align: justify;\">O edital 2\/2020 do tipo maior lance ofertado, visa arremata\u00e7\u00e3o de ve\u00edculos retidos, abandonados, removidos ou recolhidos a qualquer t\u00edtulo, que se encontram h\u00e1 mais de 60 (sessenta) dias nos p\u00e1tios administrados pela Regional do estado da Bahia.<\/p>\n<p style=\"text-align: justify;\">Os interessados poder\u00e3o examinar os lotes nos dias 14 e 15 de julho, das 08h00 \u00e0s 12h00 e de 13h00 \u00e0s 17h00 no seguinte endere\u00e7o:<\/p>\n<p style=\"text-align: justify;\"><strong>ATEN\u00c7\u00c3O: Devido \u00e0 pandemia, o uso de m\u00e1scaras de prote\u00e7\u00e3o, \u00e1lcool em gel e distanciamento entre os demais visitantes ser\u00e1 obrigat\u00f3rio!<\/strong><\/p>\n<table style=\"height: 362px;\" width=\"908\">\n<tbody>\n<tr>\n<td width=\"216\">\n<p style=\"text-align: center;\"><strong>LOCAL DE VISITA\u00c7\u00c3O<\/strong><\/p>\n<p style=\"text-align: center;\"><strong>(P\u00c1TIO)<\/strong><\/p>\n<\/td>\n<td width=\"347\">\n<p style=\"text-align: center;\"><strong>ENDERE\u00c7O<\/strong><\/p>\n<\/td>\n<\/tr>\n<tr>\n<td width=\"216\">P\u00c1TIO PRF RIBEIRA DO POMBAL<\/td>\n<td width=\"347\">\n<p style=\"text-align: center;\">BR 110 KM 170 (Posto pr\u00f3prio da PRF) \u2013 Ribeira do Pombal\/BA<\/p>\n<\/td>\n<\/tr>\n<tr>\n<td width=\"216\">JN GUINCHOS (RIB. POMBAL)<\/td>\n<td width=\"347\">Av. Luiz Viana Filho (pr\u00f3ximo a entrada da cidade) Centro \u2013 Ribeira do Pombal (BA) (75) 98864-9607 \u2013 P\u00e1tio Contratado<\/td>\n<\/tr>\n<tr>\n<td width=\"216\">JN GUINCHOS (PAULO AFONSO)<\/td>\n<td width=\"347\">Rua Maracan\u00e3 s\/n (ao lado da garagem Atl\u00e2ntico) Bairro: BTN III \u2013 Paulo Afonso (BA) (75) 99136-1030 \u2013 P\u00e1tio Contratado<\/td>\n<\/tr>\n<\/tbody>\n<\/table>\n<p style=\"text-align: justify;\">Demais informa\u00e7\u00f5es poder\u00e3o ser obtidas nos seguintes endere\u00e7os:<\/p>\n<p style=\"text-align: justify;\"><a href=\"https:\/\/www.prf.gov.br\/portal\/estados\/bahia\/leiloes\">https:\/\/www.prf.gov.br\/portal\/estados\/bahia\/leiloes<\/a><\/p>\n<p style=\"text-align: justify;\"><a href=\"https:\/\/www.batistaregisleiloes.com.br\/externo\/leilao\/19\/leilao-policia-rodoviaria-federal-prf\">https:\/\/www.batistaregisleiloes.com.br<\/a><\/p>\n<p style=\"text-align: justify;\"><a href=\"mailto:gestao.patios.ba@prf.gov.br\">gestao.patios.ba@prf.gov.br<\/a><\/p>\n<p style=\"text-align: justify;\">Endere\u00e7o Sede Administrativa: Rua da Indon\u00e9sia, n\u00ba 500 \u2013 Granjas Rurais Presidente Vargas \u2013 Piraj\u00e1 \u2013 Salvador\/Bahia \u2013 Cep 41230-020.<\/p>\n<p style=\"text-align: justify;\"><em>Fonte: Ag\u00eancia PRF<\/em><\/p>\n","protected":false},"excerpt":{"rendered":"<p>A Pol\u00edcia Rodovi\u00e1ria Federal (SPRF\/BA), realizar\u00e1 um leil\u00e3o de ve\u00edculos, classificados como sucatas, que foram retidos nas unidades policiais da PRF sob circunscri\u00e7\u00e3o da Delegacia de Paulo Afonso.<\/p>\n","protected":false},"author":2,"featured_media":27003,"comment_status":"open","ping_status":"open","sticky":false,"template":"","format":"standard","meta":{"om_disable_all_campaigns":false,"_monsterinsights_skip_tracking":false,"_monsterinsights_sitenote_active":false,"_monsterinsights_sitenote_note":"","_monsterinsights_sitenote_category":0,"footnotes":""},"categories":[70,69,32,3,22],"tags":[320,118,149,47,2739],"class_list":["post-27002","post","type-post","status-publish","format-standard","has-post-thumbnail","hentry","category-destaques","category-noticias2","category-regiao","category-ribeira-do-pombal","category-seguranca","tag-leilao","tag-paulo-afonso","tag-prf","tag-ribeira-do-pombal","tag-veiculos-apreendidos"],"aioseo_notices":[],"_links":{"self":[{"href":"https:\/\/www.portalalerta.com.br\/index.php\/wp-json\/wp\/v2\/posts\/27002","targetHints":{"allow":["GET"]}}],"collection":[{"href":"https:\/\/www.portalalerta.com.br\/index.php\/wp-json\/wp\/v2\/posts"}],"about":[{"href":"https:\/\/www.portalalerta.com.br\/index.php\/wp-json\/wp\/v2\/types\/post"}],"author":[{"embeddable":true,"href":"https:\/\/www.portalalerta.com.br\/index.php\/wp-json\/wp\/v2\/users\/2"}],"replies":[{"embeddable":true,"href":"https:\/\/www.portalalerta.com.br\/index.php\/wp-json\/wp\/v2\/comments?post=27002"}],"version-history":[{"count":1,"href":"https:\/\/www.portalalerta.com.br\/index.php\/wp-json\/wp\/v2\/posts\/27002\/revisions"}],"predecessor-version":[{"id":27004,"href":"https:\/\/www.portalalerta.com.br\/index.php\/wp-json\/wp\/v2\/posts\/27002\/revisions\/27004"}],"wp:featuredmedia":[{"embeddable":true,"href":"https:\/\/www.portalalerta.com.br\/index.php\/wp-json\/wp\/v2\/media\/27003"}],"wp:attachment":[{"href":"https:\/\/www.portalalerta.com.br\/index.php\/wp-json\/wp\/v2\/media?parent=27002"}],"wp:term":[{"taxonomy":"category","embeddable":true,"href":"https:\/\/www.portalalerta.com.br\/index.php\/wp-json\/wp\/v2\/categories?post=27002"},{"taxonomy":"post_tag","embeddable":true,"href":"https:\/\/www.portalalerta.com.br\/index.php\/wp-json\/wp\/v2\/tags?post=27002"}],"curies":[{"name":"wp","href":"https:\/\/api.w.org\/{rel}","templated":true}]}}