{"id":2701,"date":"2017-11-23T12:49:43","date_gmt":"2017-11-23T14:49:43","guid":{"rendered":"http:\/\/www.portalalerta.com.br\/?p=2701"},"modified":"2017-11-27T22:36:06","modified_gmt":"2017-11-28T00:36:06","slug":"foragido-de-paripiranga-ba-e-capturado-em-simao-dias-se","status":"publish","type":"post","link":"https:\/\/www.portalalerta.com.br\/index.php\/2017\/11\/23\/foragido-de-paripiranga-ba-e-capturado-em-simao-dias-se\/","title":{"rendered":"Foragido De Paripiranga-Ba \u00c9 Capturado Em Sim\u00e3o Dias-Se"},"content":{"rendered":"<div class=\"itemIntroText\">\n<p>Na manh\u00e3 de domingo, 19, Policiais militares do 4\u00ba Pelot\u00e3o\/ Paripiranga-BA se dirigiram at\u00e9 o munic\u00edpio de Sim\u00e3o Dias-SE, com a finalidade de capturarem Evandro Pereira Fonseca, 20 anos, que tinha fugido da Delegacia de Pol\u00edcia Civil do munic\u00edpio baiano, na madrugada do dia 16 do corrente m\u00eas.<\/p>\n<p>&nbsp;<\/p>\n<\/div>\n<div class=\"itemFullText\">\n<p><img fetchpriority=\"high\" decoding=\"async\" class=\"aligncenter size-full wp-image-2881\" src=\"http:\/\/www.portalalerta.com.br\/wp-content\/uploads\/2017\/11\/elab-1.jpg\" alt=\"\" width=\"310\" height=\"200\" \/><\/p>\n<p>&nbsp;<\/p>\n<p>Os militares passaram praticamente todo o dia levantando dados sobre o paradeiro do fugitivo, at\u00e9 que o encontraram escondido numa resid\u00eancia localizada no Conjunto da Delegacia, em Sim\u00e3o Dias-SE.<\/p>\n<p>De acordo com relatos, Evandro foi preso momentos antes de embarcar para Aracaju-SE, onde planejava se refugiar. Devido ao \u00eaxito da a\u00e7\u00e3o, o criminoso foi conduzido de volta \u00e0 carceragem de Paripiranga-BA, onde se encontra \u00e0 disposi\u00e7\u00e3o da Justi\u00e7a.<\/p>\n<p>&nbsp;<\/p>\n<p><strong>Links Relacionados:\u00a0<\/strong><\/p>\n<p><a href=\"http:\/\/pombalalerta.com.br\/index.php\/noticias\/pombal-alerta\/destaques\/item\/5055-preso-foge-da-delegacia-de-paripiranga-ba.html\"><strong>PRESO FOGE DA DELEGACIA DE PARIPIRANGA\/BA<\/strong><\/a><\/p>\n<p><a href=\"http:\/\/pombalalerta.com.br\/index.php\/noticias\/pombal-alerta\/regiao\/item\/4956-ap%C3%B3s-roubarem-quatro-ve%C3%ADculos-durante-arrast%C3%A3o-entre-sergipe-e-bahia-sergipanos-s%C3%A3o-presos-em-paripiranga-ba.html\"><strong>AP\u00d3S ROUBAREM QUATRO VE\u00cdCULOS DURANTE ARRAST\u00c3O ENTRE SERGIPE E BAHIA, SERGIPANOS S\u00c3O PRESOS EM PARIPIRANGA-BA<\/strong><\/a><\/p>\n<p><a href=\"http:\/\/www.facebook.com.br\/pombalalerta\"><strong>Curta nossa p\u00e1gina no facebook, e continue atualizado sobre tudo o que acontece em Ribeira do Pombal e Regi\u00e3o!<\/strong><\/a><\/p>\n<p><a href=\"https:\/\/play.google.com\/store\/apps\/details?id=com.globalstore.pombalalerta&amp;hl=pt_BR\"><strong>Baixe o nosso aplicativo, e fique de olho na not\u00edcia!<\/strong><\/a><\/p>\n<p><em>Reda\u00e7\u00e3o: Pombal Alerta<\/em><\/p>\n<\/div>\n","protected":false},"excerpt":{"rendered":"<p>Na manh\u00e3 de domingo, 19, Policiais militares do 4\u00ba Pelot\u00e3o\/ Paripiranga-BA se dirigiram at\u00e9 o munic\u00edpio de Sim\u00e3o Dias-SE, com a finalidade de capturarem Evandro Pereira Fonseca, 20 anos, que tinha fugido da Delegacia de Pol\u00edcia Civil do munic\u00edpio baiano, na madrugada do dia 16 do corrente m\u00eas. &nbsp; &nbsp; Os militares passaram praticamente todo &hellip;<\/p>\n","protected":false},"author":1,"featured_media":2883,"comment_status":"closed","ping_status":"open","sticky":false,"template":"","format":"standard","meta":{"om_disable_all_campaigns":false,"_monsterinsights_skip_tracking":false,"_monsterinsights_sitenote_active":false,"_monsterinsights_sitenote_note":"","_monsterinsights_sitenote_category":0,"footnotes":""},"categories":[11],"tags":[51,52],"class_list":["post-2701","post","type-post","status-publish","format-standard","has-post-thumbnail","hentry","category-paripiranga","tag-paripiranga","tag-simaodias"],"aioseo_notices":[],"_links":{"self":[{"href":"https:\/\/www.portalalerta.com.br\/index.php\/wp-json\/wp\/v2\/posts\/2701","targetHints":{"allow":["GET"]}}],"collection":[{"href":"https:\/\/www.portalalerta.com.br\/index.php\/wp-json\/wp\/v2\/posts"}],"about":[{"href":"https:\/\/www.portalalerta.com.br\/index.php\/wp-json\/wp\/v2\/types\/post"}],"author":[{"embeddable":true,"href":"https:\/\/www.portalalerta.com.br\/index.php\/wp-json\/wp\/v2\/users\/1"}],"replies":[{"embeddable":true,"href":"https:\/\/www.portalalerta.com.br\/index.php\/wp-json\/wp\/v2\/comments?post=2701"}],"version-history":[{"count":0,"href":"https:\/\/www.portalalerta.com.br\/index.php\/wp-json\/wp\/v2\/posts\/2701\/revisions"}],"wp:featuredmedia":[{"embeddable":true,"href":"https:\/\/www.portalalerta.com.br\/index.php\/wp-json\/wp\/v2\/media\/2883"}],"wp:attachment":[{"href":"https:\/\/www.portalalerta.com.br\/index.php\/wp-json\/wp\/v2\/media?parent=2701"}],"wp:term":[{"taxonomy":"category","embeddable":true,"href":"https:\/\/www.portalalerta.com.br\/index.php\/wp-json\/wp\/v2\/categories?post=2701"},{"taxonomy":"post_tag","embeddable":true,"href":"https:\/\/www.portalalerta.com.br\/index.php\/wp-json\/wp\/v2\/tags?post=2701"}],"curies":[{"name":"wp","href":"https:\/\/api.w.org\/{rel}","templated":true}]}}