{"id":27058,"date":"2020-07-15T11:08:47","date_gmt":"2020-07-15T14:08:47","guid":{"rendered":"https:\/\/www.portalalerta.com.br\/?p=27058"},"modified":"2020-07-15T11:08:47","modified_gmt":"2020-07-15T14:08:47","slug":"justica-desobriga-planos-de-cobrir-teste-rapido-da-covid-19-ans-diz-que-cobertura-segue-em-vigor","status":"publish","type":"post","link":"https:\/\/www.portalalerta.com.br\/index.php\/2020\/07\/15\/justica-desobriga-planos-de-cobrir-teste-rapido-da-covid-19-ans-diz-que-cobertura-segue-em-vigor\/","title":{"rendered":"Justi\u00e7a desobriga planos de cobrir teste r\u00e1pido da Covid-19; ANS diz que cobertura segue em vigor"},"content":{"rendered":"<p style=\"text-align: justify;\">A Ag\u00eancia Nacional de Sa\u00fade Suplementar (ANS) informou nesta ter\u00e7a-feira que os planos de sa\u00fade permanecem obrigados a oferecerem cobertura para o exame sorol\u00f3gico para Covid-19, apesar de decis\u00e3o da Justi\u00e7a Federal que os desobrigou, enquanto o tema permanece em discuss\u00e3o na diretoria da ag\u00eancia.<!--more--><\/p>\n<p style=\"text-align: justify;\">O Tribunal Regional Federal da 5\u00aa Regi\u00e3o suspendeu nesta ter\u00e7a os efeitos de medida cautelar proferida em a\u00e7\u00e3o civil p\u00fablica que determinou a cobertura obrigat\u00f3ria dos planos de sa\u00fade dos chamados testes r\u00e1pidos da Covid-19, mas a ANS disse que ainda avalia a medida a ser tomada.<\/p>\n<p style=\"text-align: justify;\">&#8220;Enquanto isso, segue v\u00e1lida a Resolu\u00e7\u00e3o Normativa n\u00ba 458, que desde o dia 29\/06 obrigou os planos de sa\u00fade a oferecerem os exames sorol\u00f3gicos &#8211;pesquisa de anticorpos IgA, IgG ou IgM (com Diretriz de Utiliza\u00e7\u00e3o) para Covid-19&#8221;, disse a ANS em nota sobre a decis\u00e3o judicial, que foi tomada atendendo a recurso impetrado pela pr\u00f3pria ag\u00eancia.<\/p>\n<p style=\"text-align: justify;\"><img fetchpriority=\"high\" decoding=\"async\" class=\"size-thumbnail wp-image-9394 alignleft\" src=\"https:\/\/www.portalalerta.com.br\/wp-content\/uploads\/2018\/07\/05elab-320x240.jpg\" alt=\"\" width=\"320\" height=\"240\" srcset=\"https:\/\/www.portalalerta.com.br\/wp-content\/uploads\/2018\/07\/05elab-320x240.jpg 320w, https:\/\/www.portalalerta.com.br\/wp-content\/uploads\/2018\/07\/05elab-195x146.jpg 195w, https:\/\/www.portalalerta.com.br\/wp-content\/uploads\/2018\/07\/05elab-50x38.jpg 50w, https:\/\/www.portalalerta.com.br\/wp-content\/uploads\/2018\/07\/05elab-100x75.jpg 100w, https:\/\/www.portalalerta.com.br\/wp-content\/uploads\/2018\/07\/05elab.jpg 400w\" sizes=\"(max-width: 320px) 100vw, 320px\" \/>O exame sorol\u00f3gico detecta a presen\u00e7a de anticorpos produzidos pelo organismo ap\u00f3s exposi\u00e7\u00e3o ao coronav\u00edrus, sendo indicado a partir do oitavo dia de in\u00edcio dos sintomas.<\/p>\n<p style=\"text-align: justify;\">Antes desse per\u00edodo, o teste recomendo \u00e9 o feito atrav\u00e9s de biologia molecular, o chamado RT-PCR, que detecta se o v\u00edrus est\u00e1 agindo no organismo do paciente. Esse exame tem cobertura obrigat\u00f3ria determinada pela ANS desde o in\u00edcio da pandemia.<\/p>\n<p style=\"text-align: justify;\">De acordo com a ANS, a decis\u00e3o de recorrer contra a cobertura obrigat\u00f3ria do teste r\u00e1pido pelos planos de sa\u00fade se deveu ao &#8220;risco que uma incorpora\u00e7\u00e3o de tecnologia sem a devida an\u00e1lise criteriosa poderia causar&#8221; aos pacientes.<\/p>\n<p style=\"text-align: justify;\">A ag\u00eancia afirmou que estudos e an\u00e1lises de diversas sociedades m\u00e9dicas e de medicina diagn\u00f3stica apontam controv\u00e9rsias t\u00e9cnicas em rela\u00e7\u00e3o aos resultados desse tipo de exame, assim como a possibilidade de ocorr\u00eancia de alto percentual de resultados falso-negativos.<\/p>\n<p style=\"text-align: justify;\">&#8220;A decis\u00e3o do Tribunal Regional Federal da 5\u00aa Regi\u00e3o, portanto, visa proteger os indiv\u00edduos e promover a sa\u00fade p\u00fablica num cen\u00e1rio ainda incerto em rela\u00e7\u00e3o \u00e0 pandemia&#8221;, disse a ANS.<\/p>\n<p style=\"text-align: justify;\">A ag\u00eancia acrescentou que est\u00e1 avaliando tecnicamente a inclus\u00e3o de testes sorol\u00f3gicos para detec\u00e7\u00e3o de anticorpos relacionados ao novo coronav\u00edrus no rol de coberturas obrigat\u00f3rias antes mesmo da apresenta\u00e7\u00e3o da a\u00e7\u00e3o civil p\u00fablica que resultou na obrigatoriedade, e que uma conclus\u00e3o est\u00e1 &#8220;prevista para os pr\u00f3ximos dias&#8221;.<\/p>\n<p style=\"text-align: justify;\">Desde o in\u00edcio da pandemia, a baixa capacidade de realizar testes \u00e9 apontada como uma das principais fraquezas do Brasil para enfrentar o novo coronav\u00edrus.<\/p>\n<p style=\"text-align: justify;\">O Brasil \u00e9 o segundo pa\u00eds do mundo com o maior n\u00famero de casos confirmados da doen\u00e7a respirat\u00f3ria provada pelo novo coronav\u00edrus, com mais de 1,9 milh\u00e3o de infec\u00e7\u00f5es, e tamb\u00e9m o segundo com mais mortes, com mais de 74 mil \u00f3bitos. Apenas os Estados Unidos t\u00eam mais casos e mortes por Covid-19.<\/p>\n<p style=\"text-align: justify;\"><em>Fonte: Yahoo Not\u00edcias<\/em><\/p>\n","protected":false},"excerpt":{"rendered":"<p>A Ag\u00eancia Nacional de Sa\u00fade Suplementar (ANS) informou nesta ter\u00e7a-feira que os planos de sa\u00fade permanecem obrigados a oferecerem cobertura para o exame sorol\u00f3gico para Covid-19, apesar de decis\u00e3o da Justi\u00e7a Federal que os desobrigou, enquanto o tema permanece em discuss\u00e3o na diretoria da ag\u00eancia.<\/p>\n","protected":false},"author":2,"featured_media":23374,"comment_status":"open","ping_status":"open","sticky":false,"template":"","format":"standard","meta":{"om_disable_all_campaigns":false,"_monsterinsights_skip_tracking":false,"_monsterinsights_sitenote_active":false,"_monsterinsights_sitenote_note":"","_monsterinsights_sitenote_category":0,"footnotes":""},"categories":[34,70,69,21,19],"tags":[1301,93,3429,3486,270,403,61,3584],"class_list":["post-27058","post","type-post","status-publish","format-standard","has-post-thumbnail","hentry","category-brasil","category-destaques","category-noticias2","category-politica","category-saude","tag-ans","tag-brasil","tag-coronavirus","tag-covid-19","tag-justica","tag-planos-de-saude","tag-saude","tag-testes-rapidos"],"aioseo_notices":[],"_links":{"self":[{"href":"https:\/\/www.portalalerta.com.br\/index.php\/wp-json\/wp\/v2\/posts\/27058","targetHints":{"allow":["GET"]}}],"collection":[{"href":"https:\/\/www.portalalerta.com.br\/index.php\/wp-json\/wp\/v2\/posts"}],"about":[{"href":"https:\/\/www.portalalerta.com.br\/index.php\/wp-json\/wp\/v2\/types\/post"}],"author":[{"embeddable":true,"href":"https:\/\/www.portalalerta.com.br\/index.php\/wp-json\/wp\/v2\/users\/2"}],"replies":[{"embeddable":true,"href":"https:\/\/www.portalalerta.com.br\/index.php\/wp-json\/wp\/v2\/comments?post=27058"}],"version-history":[{"count":1,"href":"https:\/\/www.portalalerta.com.br\/index.php\/wp-json\/wp\/v2\/posts\/27058\/revisions"}],"predecessor-version":[{"id":27059,"href":"https:\/\/www.portalalerta.com.br\/index.php\/wp-json\/wp\/v2\/posts\/27058\/revisions\/27059"}],"wp:featuredmedia":[{"embeddable":true,"href":"https:\/\/www.portalalerta.com.br\/index.php\/wp-json\/wp\/v2\/media\/23374"}],"wp:attachment":[{"href":"https:\/\/www.portalalerta.com.br\/index.php\/wp-json\/wp\/v2\/media?parent=27058"}],"wp:term":[{"taxonomy":"category","embeddable":true,"href":"https:\/\/www.portalalerta.com.br\/index.php\/wp-json\/wp\/v2\/categories?post=27058"},{"taxonomy":"post_tag","embeddable":true,"href":"https:\/\/www.portalalerta.com.br\/index.php\/wp-json\/wp\/v2\/tags?post=27058"}],"curies":[{"name":"wp","href":"https:\/\/api.w.org\/{rel}","templated":true}]}}