{"id":27060,"date":"2020-07-15T11:09:43","date_gmt":"2020-07-15T14:09:43","guid":{"rendered":"https:\/\/www.portalalerta.com.br\/?p=27060"},"modified":"2020-07-15T11:09:43","modified_gmt":"2020-07-15T14:09:43","slug":"ribeira-do-pombal-ba-confirma-3a-morte-por-covid-19-e-registra-mais-05-infeccoes-e-12-curas","status":"publish","type":"post","link":"https:\/\/www.portalalerta.com.br\/index.php\/2020\/07\/15\/ribeira-do-pombal-ba-confirma-3a-morte-por-covid-19-e-registra-mais-05-infeccoes-e-12-curas\/","title":{"rendered":"Ribeira do Pombal-BA confirma 3\u00aa morte por Covid-19, e registra mais 05 infec\u00e7\u00f5es e 12 curas!"},"content":{"rendered":"<p style=\"text-align: justify;\">O \u00faltimo Boletim Epidemiol\u00f3gico divulgado pela Secretaria de Sa\u00fade de Ribeira do Pombal-BA confirmou o terceiro \u00f3bito por conta da Covid-19 (Coronav\u00edrus) no munic\u00edpio.<!--more--><\/p>\n<p style=\"text-align: justify;\">O paciente que n\u00e3o resistiu ao v\u00edrus, era um idoso de 61 anos de idade, que possu\u00eda outras comorbidades, raz\u00e3o pela qual chegou a ser internado na Unidade de Terapia Intensiva do Hospital Geral Santa Tereza, onde testou positivo para o Covid-19. Desta forma, foi transferido para uma Unidade de Refer\u00eancia na Capital Baiana, onde n\u00e3o resistiu e evoluiu a \u00f3bito. A confirma\u00e7\u00e3o sobre a causa da morte, se deu ap\u00f3s a divulga\u00e7\u00e3o do atestado de \u00f3bito nesta ter\u00e7a-feira, 14.<a href=\"https:\/\/www.portalalerta.com.br\/index.php\/2020\/07\/14\/ribeira-do-pombal-ba-registra-mais-02-novos-casos-28-curas-e-01-suspeita-de-obito-por-covid-19-entenda\/\"><strong> Relembre<\/strong><\/a><\/p>\n<p style=\"text-align: justify;\"><img fetchpriority=\"high\" decoding=\"async\" class=\"size-thumbnail wp-image-4869 aligncenter\" src=\"https:\/\/www.portalalerta.com.br\/wp-content\/uploads\/2018\/02\/Auto-Escola-Nobre-720x181.jpg\" alt=\"\" width=\"720\" height=\"181\" srcset=\"https:\/\/www.portalalerta.com.br\/wp-content\/uploads\/2018\/02\/Auto-Escola-Nobre.jpg 720w, https:\/\/www.portalalerta.com.br\/wp-content\/uploads\/2018\/02\/Auto-Escola-Nobre-260x65.jpg 260w, https:\/\/www.portalalerta.com.br\/wp-content\/uploads\/2018\/02\/Auto-Escola-Nobre-50x13.jpg 50w, https:\/\/www.portalalerta.com.br\/wp-content\/uploads\/2018\/02\/Auto-Escola-Nobre-150x38.jpg 150w\" sizes=\"(max-width: 720px) 100vw, 720px\" \/>Com rela\u00e7\u00e3o aos cinco novos casos, a Secretaria divulgou que: <span style=\"text-decoration: underline;\"><strong>1\u00ba caso &#8211;<\/strong><\/span> \u00a0uma profissional de sa\u00fade que exerce suas atividades laborais em outra cidade, sendo esta portadora de asma; <span style=\"text-decoration: underline;\"><strong>2\u00ba caso \u2013<\/strong><\/span> um homem que exerce suas atividades laborais em contato direto com o p\u00fablico; <span style=\"text-decoration: underline;\"><strong>3\u00ba caso \u2013<\/strong><\/span> um homem que \u00e9 portador de diabete; <span style=\"text-decoration: underline;\"><strong>4\u00ba caso \u2013<\/strong><\/span> um homem cuja origem da infec\u00e7\u00e3o n\u00e3o foi identificada; e o <span style=\"text-decoration: underline;\"><strong>5\u00ba caso &#8211;<\/strong><\/span>\u00a0 um homem que \u00e9 contactante intradomiciliar de outra pessoa diagnosticada com a doen\u00e7a no munic\u00edpio.<\/p>\n<p style=\"text-align: justify;\">Desta forma, Ribeira do Pombal-BA alcan\u00e7ou a marca de 237 infec\u00e7\u00f5es, sendo 64 ativos (27%), 170 curados (72%), e 03 \u00f3bitos (1%).<\/p>\n<p style=\"text-align: justify;\"><a href=\"https:\/\/www.portalalerta.com.br\/index.php\/2020\/05\/26\/saiba-como-esta-a-evolucao-do-covid-19-em-ribeira-do-pombal-ba\/\"><strong style=\"font-style: inherit;\">Clique aqui e saiba como est\u00e1 a evolu\u00e7\u00e3o do Covid-19 em Ribeira do Pombal-BA<\/strong><\/a><\/p>\n<p style=\"text-align: justify;\"><em style=\"font-weight: inherit;\">Reda\u00e7\u00e3o: Portal Alerta<\/em><\/p>\n<p style=\"text-align: justify;\"><strong style=\"font-style: inherit;\"><em>#fiqueemcasa\u00a0\u00a0\u00a0\u00a0<\/em><\/strong><\/p>\n<p style=\"text-align: justify;\"><strong style=\"font-style: inherit;\"><em>#usemascaras<\/em><\/strong><\/p>\n","protected":false},"excerpt":{"rendered":"<p>O \u00faltimo Boletim Epidemiol\u00f3gico divulgado pela Secretaria de Sa\u00fade de Ribeira do Pombal-BA confirmou o terceiro \u00f3bito por conta da Covid-19 (Coronav\u00edrus) no munic\u00edpio.<\/p>\n","protected":false},"author":2,"featured_media":3952,"comment_status":"open","ping_status":"open","sticky":false,"template":"","format":"standard","meta":{"om_disable_all_campaigns":false,"_monsterinsights_skip_tracking":false,"_monsterinsights_sitenote_active":false,"_monsterinsights_sitenote_note":"","_monsterinsights_sitenote_category":0,"footnotes":""},"categories":[70,69,32,3,19],"tags":[3429,3486,3454,3724,169,47,61],"class_list":["post-27060","post","type-post","status-publish","format-standard","has-post-thumbnail","hentry","category-destaques","category-noticias2","category-regiao","category-ribeira-do-pombal","category-saude","tag-coronavirus","tag-covid-19","tag-cura","tag-infeccao","tag-morte","tag-ribeira-do-pombal","tag-saude"],"aioseo_notices":[],"_links":{"self":[{"href":"https:\/\/www.portalalerta.com.br\/index.php\/wp-json\/wp\/v2\/posts\/27060","targetHints":{"allow":["GET"]}}],"collection":[{"href":"https:\/\/www.portalalerta.com.br\/index.php\/wp-json\/wp\/v2\/posts"}],"about":[{"href":"https:\/\/www.portalalerta.com.br\/index.php\/wp-json\/wp\/v2\/types\/post"}],"author":[{"embeddable":true,"href":"https:\/\/www.portalalerta.com.br\/index.php\/wp-json\/wp\/v2\/users\/2"}],"replies":[{"embeddable":true,"href":"https:\/\/www.portalalerta.com.br\/index.php\/wp-json\/wp\/v2\/comments?post=27060"}],"version-history":[{"count":1,"href":"https:\/\/www.portalalerta.com.br\/index.php\/wp-json\/wp\/v2\/posts\/27060\/revisions"}],"predecessor-version":[{"id":27061,"href":"https:\/\/www.portalalerta.com.br\/index.php\/wp-json\/wp\/v2\/posts\/27060\/revisions\/27061"}],"wp:featuredmedia":[{"embeddable":true,"href":"https:\/\/www.portalalerta.com.br\/index.php\/wp-json\/wp\/v2\/media\/3952"}],"wp:attachment":[{"href":"https:\/\/www.portalalerta.com.br\/index.php\/wp-json\/wp\/v2\/media?parent=27060"}],"wp:term":[{"taxonomy":"category","embeddable":true,"href":"https:\/\/www.portalalerta.com.br\/index.php\/wp-json\/wp\/v2\/categories?post=27060"},{"taxonomy":"post_tag","embeddable":true,"href":"https:\/\/www.portalalerta.com.br\/index.php\/wp-json\/wp\/v2\/tags?post=27060"}],"curies":[{"name":"wp","href":"https:\/\/api.w.org\/{rel}","templated":true}]}}