{"id":27073,"date":"2020-07-15T13:53:09","date_gmt":"2020-07-15T16:53:09","guid":{"rendered":"https:\/\/www.portalalerta.com.br\/?p=27073"},"modified":"2020-07-15T13:53:09","modified_gmt":"2020-07-15T16:53:09","slug":"stf-concede-prisao-domiciliar-a-geddel-vieira-lima","status":"publish","type":"post","link":"https:\/\/www.portalalerta.com.br\/index.php\/2020\/07\/15\/stf-concede-prisao-domiciliar-a-geddel-vieira-lima\/","title":{"rendered":"STF concede pris\u00e3o domiciliar a Geddel Vieira Lima"},"content":{"rendered":"<p style=\"text-align: justify;\">O presidente do Supremo Tribunal Federal, ministro Dias Toffoli, concedeu pris\u00e3o domiciliar ao pol\u00edtico baiano Geddel Vieira Lima.\u00a0<!--more--><\/p>\n<p style=\"text-align: justify;\">Na decis\u00e3o, Toffoli argumenta que a medida tem como objetivo manter a &#8220;integridade f\u00edsica e ps\u00edquica&#8221; de Geddel, em decorr\u00eancia do coronav\u00edrus. Toffoli determina ainda monitoramento por tornozeleira eletr\u00f4nica.<\/p>\n<p style=\"text-align: justify;\"><img fetchpriority=\"high\" decoding=\"async\" class=\"alignleft wp-image-26973 size-full\" src=\"https:\/\/www.portalalerta.com.br\/wp-content\/uploads\/2020\/07\/Carn\u00ea-Premiado-Real-2020.jpg\" alt=\"\" width=\"281\" height=\"500\" \/>Geddel foi preso no dia 3 de julho de\u00a02017, em Salvador. Ele foi enviado ao Complexo Penitenci\u00e1rio da Papuda, em Bras\u00edlia, onde ficou at\u00e9 dezembro do\u00a0ano passado, quando foi transferido para pres\u00eddio na capital baiana.\u00a0De acordo com a liminar, Geddel cumprir\u00e1 pena em casa, com o uso de tornozeleira eletr\u00f4nica at\u00e9 17 de setembro<\/p>\n<h2 style=\"text-align: justify;\"><strong><em>Leia a \u00edntegra da decis\u00e3o:\u00a0<\/em><\/strong><\/h2>\n<p style=\"text-align: justify;\"><em>O demonstrado agravamento do estado geral de sa\u00fade do requerente, com risco real de morte reconhecido , justifica a ado\u00e7\u00e3o de medida de urg\u00eancia para preservar a sua integridade f\u00edsica e ps\u00edquica , frente \u00e0 dignidade da pessoa humana (CF, art. 1\u00b0, III). Por essas raz\u00f5es, \u00e0 luz do princ\u00edpio do poder geral de cautela, defiro o requerimento da defesa, convertendo-se a execu\u00e7\u00e3o da pena do paciente em pris\u00e3o domiciliar humanit\u00e1ria com monitora\u00e7\u00e3o eletr\u00f4nica, pelo per\u00edodo de dura\u00e7\u00e3o da Recomenda\u00e7\u00e3o n\u00ba 62 do CNJ, renovada por mais 90 (noventa dias), em sess\u00e3o plen\u00e1ria daquele Conselho, ocorrida em 12\/6\/2020. Ressalvo que essa decis\u00e3o excepcional n\u00e3o prejudica posterior reexame do juiz natural da causa, o ilustre Ministro Edson Fachin, inclusive quanto ao per\u00edodo de dura\u00e7\u00e3o da pris\u00e3o domiciliar humanit\u00e1ria . Comuniquem-se, com urg\u00eancia , pelo meio mais expedito, ao Ju\u00edzo da 2\u00aa Vara de Execu\u00e7\u00e3o Penal da Comarca de Salvador e \u00e0 Secretaria de Administra\u00e7\u00e3o Penitenci\u00e1ria e Ressocializa\u00e7\u00e3o estadual para que disponibilize de imediato o equipamento de monitora\u00e7\u00e3o eletr\u00f4nica. At\u00e9 que se efetive as comunica\u00e7\u00f5es pelos meios formais, serve a presente decis\u00e3o como mandado.<\/em><\/p>\n<p style=\"text-align: justify;\"><em>Fonte: Metro1<\/em><\/p>\n","protected":false},"excerpt":{"rendered":"<p>O presidente do Supremo Tribunal Federal, ministro Dias Toffoli, concedeu pris\u00e3o domiciliar ao pol\u00edtico baiano Geddel Vieira Lima.\u00a0<\/p>\n","protected":false},"author":2,"featured_media":4483,"comment_status":"open","ping_status":"open","sticky":false,"template":"","format":"standard","meta":{"om_disable_all_campaigns":false,"_monsterinsights_skip_tracking":false,"_monsterinsights_sitenote_active":false,"_monsterinsights_sitenote_note":"","_monsterinsights_sitenote_category":0,"footnotes":""},"categories":[70,69,21,19],"tags":[54,93,3429,3486,541,542,1781,61,216],"class_list":["post-27073","post","type-post","status-publish","format-standard","has-post-thumbnail","hentry","category-destaques","category-noticias2","category-politica","category-saude","tag-bahia","tag-brasil","tag-coronavirus","tag-covid-19","tag-ex-ministro","tag-geddel","tag-prisao-domiciliar","tag-saude","tag-stf"],"aioseo_notices":[],"_links":{"self":[{"href":"https:\/\/www.portalalerta.com.br\/index.php\/wp-json\/wp\/v2\/posts\/27073","targetHints":{"allow":["GET"]}}],"collection":[{"href":"https:\/\/www.portalalerta.com.br\/index.php\/wp-json\/wp\/v2\/posts"}],"about":[{"href":"https:\/\/www.portalalerta.com.br\/index.php\/wp-json\/wp\/v2\/types\/post"}],"author":[{"embeddable":true,"href":"https:\/\/www.portalalerta.com.br\/index.php\/wp-json\/wp\/v2\/users\/2"}],"replies":[{"embeddable":true,"href":"https:\/\/www.portalalerta.com.br\/index.php\/wp-json\/wp\/v2\/comments?post=27073"}],"version-history":[{"count":1,"href":"https:\/\/www.portalalerta.com.br\/index.php\/wp-json\/wp\/v2\/posts\/27073\/revisions"}],"predecessor-version":[{"id":27074,"href":"https:\/\/www.portalalerta.com.br\/index.php\/wp-json\/wp\/v2\/posts\/27073\/revisions\/27074"}],"wp:featuredmedia":[{"embeddable":true,"href":"https:\/\/www.portalalerta.com.br\/index.php\/wp-json\/wp\/v2\/media\/4483"}],"wp:attachment":[{"href":"https:\/\/www.portalalerta.com.br\/index.php\/wp-json\/wp\/v2\/media?parent=27073"}],"wp:term":[{"taxonomy":"category","embeddable":true,"href":"https:\/\/www.portalalerta.com.br\/index.php\/wp-json\/wp\/v2\/categories?post=27073"},{"taxonomy":"post_tag","embeddable":true,"href":"https:\/\/www.portalalerta.com.br\/index.php\/wp-json\/wp\/v2\/tags?post=27073"}],"curies":[{"name":"wp","href":"https:\/\/api.w.org\/{rel}","templated":true}]}}