{"id":27107,"date":"2020-07-15T18:59:58","date_gmt":"2020-07-15T21:59:58","guid":{"rendered":"https:\/\/www.portalalerta.com.br\/?p=27107"},"modified":"2020-07-15T19:00:20","modified_gmt":"2020-07-15T22:00:20","slug":"sobe-para-quatro-o-numero-de-mortes-em-ribeira-do-pombal-ba-por-conta-da-covid-19-indice-de-cura-chega-a-75","status":"publish","type":"post","link":"https:\/\/www.portalalerta.com.br\/index.php\/2020\/07\/15\/sobe-para-quatro-o-numero-de-mortes-em-ribeira-do-pombal-ba-por-conta-da-covid-19-indice-de-cura-chega-a-75\/","title":{"rendered":"Sobe para quatro o n\u00famero de mortes em Ribeira do Pombal-BA por conta da Covid-19. \u00cdndice de cura chega a 75%"},"content":{"rendered":"<p style=\"text-align: justify;\">O munic\u00edpio de Ribeira do Pombal-BA confirmou nesta quarta-feira, 15, a quarta morte por conta da Covid-19 (Coronav\u00edrus).<!--more--><\/p>\n<p style=\"text-align: justify;\">De acordo com a Secretaria Municipal de Sa\u00fade, trata-se de uma idosa de 66 anos, que deu entrada na Emerg\u00eancia do Hospital Geral Santa Tereza, com um quadro de epigastralgia (dores abdominais), por\u00e9m evoluiu para uma S\u00edndrome Respirat\u00f3ria Aguda Grave, e ap\u00f3s ser submetida a um teste r\u00e1pido obteve resultado reagente para a doen\u00e7a.<\/p>\n<p style=\"text-align: justify;\"><img fetchpriority=\"high\" decoding=\"async\" class=\"size-thumbnail wp-image-4869 aligncenter\" src=\"https:\/\/www.portalalerta.com.br\/wp-content\/uploads\/2018\/02\/Auto-Escola-Nobre-720x181.jpg\" alt=\"\" width=\"720\" height=\"181\" srcset=\"https:\/\/www.portalalerta.com.br\/wp-content\/uploads\/2018\/02\/Auto-Escola-Nobre.jpg 720w, https:\/\/www.portalalerta.com.br\/wp-content\/uploads\/2018\/02\/Auto-Escola-Nobre-260x65.jpg 260w, https:\/\/www.portalalerta.com.br\/wp-content\/uploads\/2018\/02\/Auto-Escola-Nobre-50x13.jpg 50w, https:\/\/www.portalalerta.com.br\/wp-content\/uploads\/2018\/02\/Auto-Escola-Nobre-150x38.jpg 150w\" sizes=\"(max-width: 720px) 100vw, 720px\" \/>J\u00e1 com rela\u00e7\u00e3o aos novos casos, foram identificadas mais cinco infec\u00e7\u00f5es: dois profissionais de sa\u00fade, de 37 e 39 anos de idade; uma mulher de 34 anos contactante de outro caso diagnosticado no munic\u00edpio; e, um homem e uma mulher, de 35 e 25 anos de idade respectivamente, que apresentaram sintomatologia da doen\u00e7a, confirmada atrav\u00e9s de exames, por\u00e9m n\u00e3o tiveram as fontes de infec\u00e7\u00f5es detectadas. Al\u00e9m das novas infec\u00e7\u00f5es, mais 11 pacientes foram considerados curados, nesta quarta-feira.<\/p>\n<p style=\"text-align: justify;\">Somente na corrente semana, o munic\u00edpio registrou 17 novos casos, e 51 curas, al\u00e9m de 02 mortes. Em n\u00fameros gerais, Ribeira do Pombal alcan\u00e7ou a marca de 242 infec\u00e7\u00f5es, com 57 ativos (23%), 181 curas (75%), e 04 mortes (2%).<\/p>\n<p style=\"text-align: justify;\"><a href=\"https:\/\/www.portalalerta.com.br\/index.php\/2020\/05\/26\/saiba-como-esta-a-evolucao-do-covid-19-em-ribeira-do-pombal-ba\/\"><strong style=\"font-style: inherit;\">Clique aqui e saiba como est\u00e1 a evolu\u00e7\u00e3o do Covid-19 em Ribeira do Pombal-BA<\/strong><\/a><\/p>\n<p style=\"text-align: justify;\"><em style=\"font-weight: inherit;\">Reda\u00e7\u00e3o: Portal Alerta<\/em><\/p>\n<p style=\"text-align: justify;\"><em style=\"font-weight: inherit;\"><strong>#fiqueemcasa\u00a0\u00a0\u00a0\u00a0<\/strong><\/em><\/p>\n<p style=\"text-align: justify;\"><em style=\"font-weight: inherit;\"><strong>#usemascaras<\/strong><\/em><\/p>\n","protected":false},"excerpt":{"rendered":"<p>O munic\u00edpio de Ribeira do Pombal-BA confirmou nesta quarta-feira, 15, a quarta morte por conta da Covid-19 (Coronav\u00edrus).<\/p>\n","protected":false},"author":2,"featured_media":24445,"comment_status":"open","ping_status":"open","sticky":false,"template":"","format":"standard","meta":{"om_disable_all_campaigns":false,"_monsterinsights_skip_tracking":false,"_monsterinsights_sitenote_active":false,"_monsterinsights_sitenote_note":"","_monsterinsights_sitenote_category":0,"footnotes":""},"categories":[70,69,32,3,19],"tags":[3429,3486,3454,3724,169,47,61],"class_list":["post-27107","post","type-post","status-publish","format-standard","has-post-thumbnail","hentry","category-destaques","category-noticias2","category-regiao","category-ribeira-do-pombal","category-saude","tag-coronavirus","tag-covid-19","tag-cura","tag-infeccao","tag-morte","tag-ribeira-do-pombal","tag-saude"],"aioseo_notices":[],"_links":{"self":[{"href":"https:\/\/www.portalalerta.com.br\/index.php\/wp-json\/wp\/v2\/posts\/27107","targetHints":{"allow":["GET"]}}],"collection":[{"href":"https:\/\/www.portalalerta.com.br\/index.php\/wp-json\/wp\/v2\/posts"}],"about":[{"href":"https:\/\/www.portalalerta.com.br\/index.php\/wp-json\/wp\/v2\/types\/post"}],"author":[{"embeddable":true,"href":"https:\/\/www.portalalerta.com.br\/index.php\/wp-json\/wp\/v2\/users\/2"}],"replies":[{"embeddable":true,"href":"https:\/\/www.portalalerta.com.br\/index.php\/wp-json\/wp\/v2\/comments?post=27107"}],"version-history":[{"count":2,"href":"https:\/\/www.portalalerta.com.br\/index.php\/wp-json\/wp\/v2\/posts\/27107\/revisions"}],"predecessor-version":[{"id":27109,"href":"https:\/\/www.portalalerta.com.br\/index.php\/wp-json\/wp\/v2\/posts\/27107\/revisions\/27109"}],"wp:featuredmedia":[{"embeddable":true,"href":"https:\/\/www.portalalerta.com.br\/index.php\/wp-json\/wp\/v2\/media\/24445"}],"wp:attachment":[{"href":"https:\/\/www.portalalerta.com.br\/index.php\/wp-json\/wp\/v2\/media?parent=27107"}],"wp:term":[{"taxonomy":"category","embeddable":true,"href":"https:\/\/www.portalalerta.com.br\/index.php\/wp-json\/wp\/v2\/categories?post=27107"},{"taxonomy":"post_tag","embeddable":true,"href":"https:\/\/www.portalalerta.com.br\/index.php\/wp-json\/wp\/v2\/tags?post=27107"}],"curies":[{"name":"wp","href":"https:\/\/api.w.org\/{rel}","templated":true}]}}