{"id":27110,"date":"2020-07-15T21:44:11","date_gmt":"2020-07-16T00:44:11","guid":{"rendered":"https:\/\/www.portalalerta.com.br\/?p=27110"},"modified":"2020-07-15T21:44:11","modified_gmt":"2020-07-16T00:44:11","slug":"jair-bolsonaro-testa-positivo-para-covid-19-pela-2a-vez","status":"publish","type":"post","link":"https:\/\/www.portalalerta.com.br\/index.php\/2020\/07\/15\/jair-bolsonaro-testa-positivo-para-covid-19-pela-2a-vez\/","title":{"rendered":"Jair Bolsonaro testa positivo para Covid-19 pela 2\u00aa vez"},"content":{"rendered":"<p style=\"text-align: justify;\">O presidente\u00a0Jair Bolsonaro (sem partido)\u00a0testou positivo para a Covid-19 pela segunda vez. O anuncio foi feito pela CNN Brasil, nesta quarta-feira (15). O resultado aponta que o presidente ainda apresenta a doen\u00e7a causada pelo\u00a0novo coronav\u00edrus\u00a0e, portanto, deve seguir com o isolamento social.<!--more--><\/p>\n<p style=\"text-align: justify;\"><img fetchpriority=\"high\" decoding=\"async\" class=\"alignleft wp-image-26973 size-full\" src=\"https:\/\/www.portalalerta.com.br\/wp-content\/uploads\/2020\/07\/Carn\u00ea-Premiado-Real-2020.jpg\" alt=\"\" width=\"281\" height=\"500\" \/>O novo teste foi realizado na ter\u00e7a-feira (14), e, segundo informa\u00e7\u00f5es da CNN, Bolsonaro sabia do resultado deste ontem \u00e0 noite. A coleta do material foi feita com o exame RT-PCR, conhecido por ser desconfort\u00e1vel, pois \u00e9 utilizado um cotonete longo inserido pelo nariz.<\/p>\n<p style=\"text-align: justify;\">O presidente queria identificar se j\u00e1 estava liberado a retomar as atividades e sair do isolamento social. Com o novo resultado, Bolsonaro afirmou que seguir\u00e1 cumprindo as recomenda\u00e7\u00f5es dos m\u00e9dicos e que n\u00e3o retornar\u00e1 \u00e0s atividades no Pal\u00e1cio do Planalto.<\/p>\n<p style=\"text-align: justify;\">Segundo informa\u00e7\u00f5es do Planalto, Bolsonaro far\u00e1 novo teste dentro de alguns dias. Ser\u00e1 o terceiro em menos de um m\u00eas.<\/p>\n<p style=\"text-align: justify;\">No dia 7 de julho, o presidente anunciou que seu\u00a0teste para a Covid-19 havia dado positivo. \u00c0 \u00e9poca, ele anunciou que suspenderia sua agenda e que iria trabalhar por meio de videoconfer\u00eancias.<\/p>\n<p style=\"text-align: justify;\"><em>Fonte: Yahoo Not\u00edcias<\/em><\/p>\n","protected":false},"excerpt":{"rendered":"<p>O presidente\u00a0Jair Bolsonaro (sem partido)\u00a0testou positivo para a Covid-19 pela segunda vez. O anuncio foi feito pela CNN Brasil, nesta quarta-feira (15). O resultado aponta que o presidente ainda apresenta a doen\u00e7a causada pelo\u00a0novo coronav\u00edrus\u00a0e, portanto, deve seguir com o isolamento social.<\/p>\n","protected":false},"author":2,"featured_media":23997,"comment_status":"open","ping_status":"open","sticky":false,"template":"","format":"standard","meta":{"om_disable_all_campaigns":false,"_monsterinsights_skip_tracking":false,"_monsterinsights_sitenote_active":false,"_monsterinsights_sitenote_note":"","_monsterinsights_sitenote_category":0,"footnotes":""},"categories":[34,70,69,21,19],"tags":[93,3429,3486,1395,199,1152,61],"class_list":["post-27110","post","type-post","status-publish","format-standard","has-post-thumbnail","hentry","category-brasil","category-destaques","category-noticias2","category-politica","category-saude","tag-brasil","tag-coronavirus","tag-covid-19","tag-jair-bolsonaro","tag-politica","tag-presidente-da-republica","tag-saude"],"aioseo_notices":[],"_links":{"self":[{"href":"https:\/\/www.portalalerta.com.br\/index.php\/wp-json\/wp\/v2\/posts\/27110","targetHints":{"allow":["GET"]}}],"collection":[{"href":"https:\/\/www.portalalerta.com.br\/index.php\/wp-json\/wp\/v2\/posts"}],"about":[{"href":"https:\/\/www.portalalerta.com.br\/index.php\/wp-json\/wp\/v2\/types\/post"}],"author":[{"embeddable":true,"href":"https:\/\/www.portalalerta.com.br\/index.php\/wp-json\/wp\/v2\/users\/2"}],"replies":[{"embeddable":true,"href":"https:\/\/www.portalalerta.com.br\/index.php\/wp-json\/wp\/v2\/comments?post=27110"}],"version-history":[{"count":1,"href":"https:\/\/www.portalalerta.com.br\/index.php\/wp-json\/wp\/v2\/posts\/27110\/revisions"}],"predecessor-version":[{"id":27111,"href":"https:\/\/www.portalalerta.com.br\/index.php\/wp-json\/wp\/v2\/posts\/27110\/revisions\/27111"}],"wp:featuredmedia":[{"embeddable":true,"href":"https:\/\/www.portalalerta.com.br\/index.php\/wp-json\/wp\/v2\/media\/23997"}],"wp:attachment":[{"href":"https:\/\/www.portalalerta.com.br\/index.php\/wp-json\/wp\/v2\/media?parent=27110"}],"wp:term":[{"taxonomy":"category","embeddable":true,"href":"https:\/\/www.portalalerta.com.br\/index.php\/wp-json\/wp\/v2\/categories?post=27110"},{"taxonomy":"post_tag","embeddable":true,"href":"https:\/\/www.portalalerta.com.br\/index.php\/wp-json\/wp\/v2\/tags?post=27110"}],"curies":[{"name":"wp","href":"https:\/\/api.w.org\/{rel}","templated":true}]}}