{"id":27112,"date":"2020-07-15T22:08:41","date_gmt":"2020-07-16T01:08:41","guid":{"rendered":"https:\/\/www.portalalerta.com.br\/?p=27112"},"modified":"2020-07-15T22:08:41","modified_gmt":"2020-07-16T01:08:41","slug":"baleado-homem-e-flagrado-com-arma-de-fogo-e-afirma-ter-sido-vitima-de-tentativa-de-homicidio-em-ribeira-do-pombal-ba-entenda","status":"publish","type":"post","link":"https:\/\/www.portalalerta.com.br\/index.php\/2020\/07\/15\/baleado-homem-e-flagrado-com-arma-de-fogo-e-afirma-ter-sido-vitima-de-tentativa-de-homicidio-em-ribeira-do-pombal-ba-entenda\/","title":{"rendered":"Baleado, homem \u00e9 flagrado com arma de fogo, e afirma ter sido v\u00edtima de tentativa de homic\u00eddio, em Ribeira do Pombal-BA. Entenda!"},"content":{"rendered":"<p style=\"text-align: justify;\">Ap\u00f3s serem informados de ter havido disparos de arma de fogo no bairro Pombalzinho, em Ribeira do Pombal-BA, policiais militares do 2\u00ba Pelot\u00e3o se dirigiram para o local, onde constataram a veracidade da den\u00fancia. O fato aconteceu por volta das 20:00hs da \u00faltima ter\u00e7a-feira, 14.<!--more--><\/p>\n<p style=\"text-align: justify;\">Assim que chegaram ao bairro, os militares encontraram um ve\u00edculo Ford Fiesta de cor preta, demais dados n\u00e3o informados, abandonado em via p\u00fablica. Em continuidade \u00e0s buscas, um homem foi encontrado num terreno baldio que fica aos fundos da igreja cat\u00f3lica. O rapaz, de 35 anos de idade, estava ferido, v\u00edtima de disparos de arma de fogo, e tinha em sua posse um rev\u00f3lver cal. 38 com numera\u00e7\u00e3o raspada, com seis muni\u00e7\u00f5es, sendo uma intacta, e cinco deflagradas.<\/p>\n<div data-mvc-banner=\"leaderboard\"><\/div>\n<p><script type=\"text\/javascript\"> (function(storeName) { var b = document.createElement('script'); b.type = 'text\/javascript'; b.async = true; b.src = 'https:\/\/www.magazinevoce.com.br\/js\/banner.js?store='+ storeName; var s = document.getElementsByTagName('script')[0]; s.parentNode.insertBefore(b, s); })('Nvscosta'); <\/script><\/p>\n<p style=\"text-align: justify;\">Aos policiais, o homem afirmou que tinha sido v\u00edtima de uma tentativa de homic\u00eddio, e ap\u00f3s entrar em luta corporal com o autor dos disparos conseguiu se apossar da arma do criminoso. Na sequ\u00eancia, a suposta v\u00edtima foi socorrida para a Emerg\u00eancia do Hospital Geral Santa Tereza, onde foi medicada e recebeu alta m\u00e9dica.<\/p>\n<p style=\"text-align: justify;\">Por fim, o rapaz, a arma de fogo e o ve\u00edculo, foram conduzidos e apresentados na Delegacia de Pol\u00edcia Civil da cidade, para a ado\u00e7\u00e3o das medidas cab\u00edveis.<\/p>\n<p style=\"text-align: justify;\"><em>Reda\u00e7\u00e3o: Portal Alerta<\/em><\/p>\n<p style=\"text-align: justify;\"><strong><em>#fiqueemcasa<\/em><\/strong><\/p>\n<p style=\"text-align: justify;\"><strong><em>#usemascaras<\/em><\/strong><\/p>\n","protected":false},"excerpt":{"rendered":"<p>Ap\u00f3s serem informados de ter havido disparos de arma de fogo no bairro Pombalzinho, em Ribeira do Pombal-BA, policiais militares do 2\u00ba Pelot\u00e3o se dirigiram para o local, onde constataram a veracidade da den\u00fancia. O fato aconteceu por volta das 20:00hs da \u00faltima ter\u00e7a-feira, 14.<\/p>\n","protected":false},"author":2,"featured_media":27113,"comment_status":"open","ping_status":"open","sticky":false,"template":"","format":"standard","meta":{"om_disable_all_campaigns":false,"_monsterinsights_skip_tracking":false,"_monsterinsights_sitenote_active":false,"_monsterinsights_sitenote_note":"","_monsterinsights_sitenote_category":0,"footnotes":""},"categories":[70,69,32,3,22],"tags":[375,299,151,79,47,105],"class_list":["post-27112","post","type-post","status-publish","format-standard","has-post-thumbnail","hentry","category-destaques","category-noticias2","category-regiao","category-ribeira-do-pombal","category-seguranca","tag-disparos-de-arma-de-fogo","tag-ferido","tag-hgst","tag-policia-militar","tag-ribeira-do-pombal","tag-tentativa-de-homicidio"],"aioseo_notices":[],"_links":{"self":[{"href":"https:\/\/www.portalalerta.com.br\/index.php\/wp-json\/wp\/v2\/posts\/27112","targetHints":{"allow":["GET"]}}],"collection":[{"href":"https:\/\/www.portalalerta.com.br\/index.php\/wp-json\/wp\/v2\/posts"}],"about":[{"href":"https:\/\/www.portalalerta.com.br\/index.php\/wp-json\/wp\/v2\/types\/post"}],"author":[{"embeddable":true,"href":"https:\/\/www.portalalerta.com.br\/index.php\/wp-json\/wp\/v2\/users\/2"}],"replies":[{"embeddable":true,"href":"https:\/\/www.portalalerta.com.br\/index.php\/wp-json\/wp\/v2\/comments?post=27112"}],"version-history":[{"count":1,"href":"https:\/\/www.portalalerta.com.br\/index.php\/wp-json\/wp\/v2\/posts\/27112\/revisions"}],"predecessor-version":[{"id":27114,"href":"https:\/\/www.portalalerta.com.br\/index.php\/wp-json\/wp\/v2\/posts\/27112\/revisions\/27114"}],"wp:featuredmedia":[{"embeddable":true,"href":"https:\/\/www.portalalerta.com.br\/index.php\/wp-json\/wp\/v2\/media\/27113"}],"wp:attachment":[{"href":"https:\/\/www.portalalerta.com.br\/index.php\/wp-json\/wp\/v2\/media?parent=27112"}],"wp:term":[{"taxonomy":"category","embeddable":true,"href":"https:\/\/www.portalalerta.com.br\/index.php\/wp-json\/wp\/v2\/categories?post=27112"},{"taxonomy":"post_tag","embeddable":true,"href":"https:\/\/www.portalalerta.com.br\/index.php\/wp-json\/wp\/v2\/tags?post=27112"}],"curies":[{"name":"wp","href":"https:\/\/api.w.org\/{rel}","templated":true}]}}