{"id":27115,"date":"2020-07-16T11:06:16","date_gmt":"2020-07-16T14:06:16","guid":{"rendered":"https:\/\/www.portalalerta.com.br\/?p=27115"},"modified":"2020-07-16T11:06:16","modified_gmt":"2020-07-16T14:06:16","slug":"presidente-do-tse-veta-biometria-nas-eleicoes-para-evitar-aglomeracao-e-fila-em-meio-a-pandemia","status":"publish","type":"post","link":"https:\/\/www.portalalerta.com.br\/index.php\/2020\/07\/16\/presidente-do-tse-veta-biometria-nas-eleicoes-para-evitar-aglomeracao-e-fila-em-meio-a-pandemia\/","title":{"rendered":"Presidente do TSE veta biometria nas elei\u00e7\u00f5es para evitar aglomera\u00e7\u00e3o e fila em meio \u00e0 pandemia"},"content":{"rendered":"<p style=\"text-align: justify;\">O presidente do Tribunal Superior Eleitoral (TSE), ministro Lu\u00eds Roberto Barroso, decidiu que a elei\u00e7\u00e3o deste ano n\u00e3o ter\u00e1 a biometria. A medida tem como objetivo evitar a forma\u00e7\u00e3o de filas e aglomera\u00e7\u00f5es, em meio \u00e0 pandemia do coronav\u00edrus.\u00a0<!--more--><\/p>\n<p style=\"text-align: justify;\">De acordo com a Folha, a recomenda\u00e7\u00e3o foi feita \u00e0 Corte por um grupo de m\u00e9dicos e t\u00e9cnicos, que\u00a0 constataram que a identifica\u00e7\u00e3o por digital poderia representar at\u00e9 70% do tempo gasto por eleitor para votar.<\/p>\n<p style=\"text-align: justify;\"><img fetchpriority=\"high\" decoding=\"async\" class=\"size-thumbnail wp-image-9394 alignleft\" src=\"https:\/\/www.portalalerta.com.br\/wp-content\/uploads\/2018\/07\/05elab-320x240.jpg\" alt=\"\" width=\"320\" height=\"240\" srcset=\"https:\/\/www.portalalerta.com.br\/wp-content\/uploads\/2018\/07\/05elab-320x240.jpg 320w, https:\/\/www.portalalerta.com.br\/wp-content\/uploads\/2018\/07\/05elab-195x146.jpg 195w, https:\/\/www.portalalerta.com.br\/wp-content\/uploads\/2018\/07\/05elab-50x38.jpg 50w, https:\/\/www.portalalerta.com.br\/wp-content\/uploads\/2018\/07\/05elab-100x75.jpg 100w, https:\/\/www.portalalerta.com.br\/wp-content\/uploads\/2018\/07\/05elab.jpg 400w\" sizes=\"(max-width: 320px) 100vw, 320px\" \/>A expectativa \u00e9 que o veto \u00e0 tecnologia reduza a cria\u00e7\u00e3o de filas e de aglomera\u00e7\u00f5es, o que \u00e9 recomend\u00e1vel por causa da pandemia do novo coronav\u00edrus. A quest\u00e3o deve ser inclu\u00edda nas resolu\u00e7\u00f5es da elei\u00e7\u00e3o de 2020 e levada a referendo do plen\u00e1rio do TSE na volta do recesso, em agosto.<\/p>\n<p style=\"text-align: justify;\">Assim, a tend\u00eancia \u00e9 que todos os ministros, com quem Barroso tem mantido contato, sigam na mesma linha e aprovem a retomada da identifica\u00e7\u00e3o por assinatura no caderno de vota\u00e7\u00e3o.<\/p>\n<p style=\"text-align: justify;\">Por causa da pandemia, o adiamento do pleito foi aprovado pelo Congresso e, agora, o primeiro turno ser\u00e1 realizado em 15 de novembro e o segundo, se necess\u00e1rio, em 29 de novembro.<\/p>\n<p style=\"text-align: justify;\"><em>Fonte: Metro1<\/em><\/p>\n","protected":false},"excerpt":{"rendered":"<p>O presidente do Tribunal Superior Eleitoral (TSE), ministro Lu\u00eds Roberto Barroso, decidiu que a elei\u00e7\u00e3o deste ano n\u00e3o ter\u00e1 a biometria. A medida tem como objetivo evitar a forma\u00e7\u00e3o de filas e aglomera\u00e7\u00f5es, em meio \u00e0 pandemia do coronav\u00edrus.\u00a0<\/p>\n","protected":false},"author":2,"featured_media":18650,"comment_status":"open","ping_status":"open","sticky":false,"template":"","format":"standard","meta":{"om_disable_all_campaigns":false,"_monsterinsights_skip_tracking":false,"_monsterinsights_sitenote_active":false,"_monsterinsights_sitenote_note":"","_monsterinsights_sitenote_category":0,"footnotes":""},"categories":[34,70,69,21,19],"tags":[382,93,3429,3486,3215,805,61,549],"class_list":["post-27115","post","type-post","status-publish","format-standard","has-post-thumbnail","hentry","category-brasil","category-destaques","category-noticias2","category-politica","category-saude","tag-biometria","tag-brasil","tag-coronavirus","tag-covid-19","tag-eleicoes-2020","tag-luiz-roberto-barroso","tag-saude","tag-tse"],"aioseo_notices":[],"_links":{"self":[{"href":"https:\/\/www.portalalerta.com.br\/index.php\/wp-json\/wp\/v2\/posts\/27115","targetHints":{"allow":["GET"]}}],"collection":[{"href":"https:\/\/www.portalalerta.com.br\/index.php\/wp-json\/wp\/v2\/posts"}],"about":[{"href":"https:\/\/www.portalalerta.com.br\/index.php\/wp-json\/wp\/v2\/types\/post"}],"author":[{"embeddable":true,"href":"https:\/\/www.portalalerta.com.br\/index.php\/wp-json\/wp\/v2\/users\/2"}],"replies":[{"embeddable":true,"href":"https:\/\/www.portalalerta.com.br\/index.php\/wp-json\/wp\/v2\/comments?post=27115"}],"version-history":[{"count":1,"href":"https:\/\/www.portalalerta.com.br\/index.php\/wp-json\/wp\/v2\/posts\/27115\/revisions"}],"predecessor-version":[{"id":27116,"href":"https:\/\/www.portalalerta.com.br\/index.php\/wp-json\/wp\/v2\/posts\/27115\/revisions\/27116"}],"wp:featuredmedia":[{"embeddable":true,"href":"https:\/\/www.portalalerta.com.br\/index.php\/wp-json\/wp\/v2\/media\/18650"}],"wp:attachment":[{"href":"https:\/\/www.portalalerta.com.br\/index.php\/wp-json\/wp\/v2\/media?parent=27115"}],"wp:term":[{"taxonomy":"category","embeddable":true,"href":"https:\/\/www.portalalerta.com.br\/index.php\/wp-json\/wp\/v2\/categories?post=27115"},{"taxonomy":"post_tag","embeddable":true,"href":"https:\/\/www.portalalerta.com.br\/index.php\/wp-json\/wp\/v2\/tags?post=27115"}],"curies":[{"name":"wp","href":"https:\/\/api.w.org\/{rel}","templated":true}]}}