{"id":27117,"date":"2020-07-16T11:07:28","date_gmt":"2020-07-16T14:07:28","guid":{"rendered":"https:\/\/www.portalalerta.com.br\/?p=27117"},"modified":"2020-07-16T11:07:28","modified_gmt":"2020-07-16T14:07:28","slug":"medico-que-defendeu-uso-de-vermifugo-contra-covid-19-esta-internado-em-uti","status":"publish","type":"post","link":"https:\/\/www.portalalerta.com.br\/index.php\/2020\/07\/16\/medico-que-defendeu-uso-de-vermifugo-contra-covid-19-esta-internado-em-uti\/","title":{"rendered":"M\u00e9dico que defendeu uso de verm\u00edfugo contra Covid-19 est\u00e1 internado em UTI"},"content":{"rendered":"<p style=\"text-align: justify;\">Um cirurgi\u00e3o-geral infectado com o\u00a0novo coronav\u00edrus\u00a0deu entrada na UTI (Unidade de Terapia Intensiva) do Hospital Anis Rassi, em Goi\u00e2nia (GO), ap\u00f3s defender o uso do verm\u00edfugo\u00a0ivermectina\u00a0no combate \u00e0 Covid-19.<!--more--><\/p>\n<p style=\"text-align: justify;\">No dia 6 de julho, o m\u00e9dico Joaquim In\u00e1cio Melo J\u00fanior afirmou durante entrevista na\u00a0TV Serra Dourada, uma afiliada do\u00a0SBT<em>\u00a0<\/em>em Goi\u00e1s, que estava infectado h\u00e1 8 dias, mas estava reagindo \u201cmuito bem\u201d gra\u00e7as a\u00a0ivermectina.<\/p>\n<p style=\"text-align: justify;\">\u201cEstou de quarentena, j\u00e1 faz 8 dias, e desse jeito aqui \u00f3, na\u00a0UTI\u201d, disse ele, dando tapinhas no rosto, brincando que estava bem de sa\u00fade e ironizando uma poss\u00edvel interna\u00e7\u00e3o. Questionado se, de fato, foi \u00e0 UTI, o cirurgi\u00e3o respondeu: \u201cN\u00e3o, claro que n\u00e3o. Tem 110 dias que eu venho pregando esse tratamento profil\u00e1tico e eu era uma voz quase solit\u00e1ria\u201d.<\/p>\n<p style=\"text-align: justify;\"><img fetchpriority=\"high\" decoding=\"async\" class=\"size-thumbnail wp-image-4869 aligncenter\" src=\"https:\/\/www.portalalerta.com.br\/wp-content\/uploads\/2018\/02\/Auto-Escola-Nobre-720x181.jpg\" alt=\"\" width=\"720\" height=\"181\" srcset=\"https:\/\/www.portalalerta.com.br\/wp-content\/uploads\/2018\/02\/Auto-Escola-Nobre.jpg 720w, https:\/\/www.portalalerta.com.br\/wp-content\/uploads\/2018\/02\/Auto-Escola-Nobre-260x65.jpg 260w, https:\/\/www.portalalerta.com.br\/wp-content\/uploads\/2018\/02\/Auto-Escola-Nobre-50x13.jpg 50w, https:\/\/www.portalalerta.com.br\/wp-content\/uploads\/2018\/02\/Auto-Escola-Nobre-150x38.jpg 150w\" sizes=\"(max-width: 720px) 100vw, 720px\" \/>O m\u00e9dico afirmou ainda que era favor\u00e1vel ao uso preventivo do verm\u00edfugo, negou que exista contra-indica\u00e7\u00e3o e comparou o uso do verm\u00edfugo a uma\u00a0vacina contra a Covid-19.<\/p>\n<p style=\"text-align: justify;\">\u201cEu sou a favor (do uso da ivermectina) na preven\u00e7\u00e3o e dever ser feito o tratamento precoce, at\u00e9 5 ou 7 dias do in\u00edcio do sintomas. (&#8230;) Eu sou cirurgi\u00e3o, estou na ponta, n\u00e3o estou fazendo \u2018pesquisinha\u2019 n\u00e3o porque n\u00e3o d\u00e1 tempo, n\u00e3o d\u00e1 para esperar 1 ano para ficar pronta a pesquisa, assim como a vacina, que n\u00e3o vai ter esse ano n\u00e3o, esquece. A vacina chama-se ivermectina\u201d, completou ele.<\/p>\n<p style=\"text-align: justify;\">Melo J\u00fanior informou que ele n\u00e3o chegou a procurar m\u00e9dicos especialistas no in\u00edcio da doen\u00e7a e que tomou o\u00a0verm\u00edfugo\u00a0como preven\u00e7\u00e3o, assim como o receitou para mais de 100 pacientes.<\/p>\n<p style=\"text-align: justify;\">\u201cAvisa o pessoal: al\u00e9m de eu ser um m\u00e9dico que estou encampando essa campanha, eu sou paciente de mim mesmo. N\u00e3o procurei infectologista nenhum para tratar de mim n\u00e3o. Tratei a mim como tratei mais de 100 pacientes\u201d.<\/p>\n<p style=\"text-align: justify;\">Segundo ele, seu per\u00edodo de quarentena acabaria no domingo (12). No entanto, apresentou uma piora no quadro de sa\u00fade na sexta-feira (10) e precisou ser hospitalizado. No dia seguinte, ele gravou um v\u00eddeo para seus familiares dizendo que estava com press\u00e3o baixa e desidratado. O cirurgi\u00e3o segue internado na UTI.<\/p>\n<p style=\"text-align: justify;\">Melo J\u00fanior liderou uma campanha de m\u00e9dicos goianos para distribui\u00e7\u00e3o de medicamentos para \u201cpreven\u00e7\u00e3o\u201d da\u00a0Covid-19. Eles chegaram a doar 1,8 mil\u00a0kits-Covid\u00a0numa par\u00f3quia em Aparecida de Goi\u00e2nia no dia 5 deste m\u00eas.\u00a0A\u00a0Sociedade Goiana de Infectologia\u00a0e o\u00a0Conselho Regional de Farm\u00e1cia\u00a0fizeram alertas contr\u00e1rios \u00e0 campanha dos m\u00e9dicos.<\/p>\n<p style=\"text-align: justify;\"><em>Fonte: Yahoo Not\u00edcias<\/em><\/p>\n","protected":false},"excerpt":{"rendered":"<p>Um cirurgi\u00e3o-geral infectado com o\u00a0novo coronav\u00edrus\u00a0deu entrada na UTI (Unidade de Terapia Intensiva) do Hospital Anis Rassi, em Goi\u00e2nia (GO), ap\u00f3s defender o uso do verm\u00edfugo\u00a0ivermectina\u00a0no combate \u00e0 Covid-19.<\/p>\n","protected":false},"author":2,"featured_media":27118,"comment_status":"open","ping_status":"open","sticky":false,"template":"","format":"standard","meta":{"om_disable_all_campaigns":false,"_monsterinsights_skip_tracking":false,"_monsterinsights_sitenote_active":false,"_monsterinsights_sitenote_note":"","_monsterinsights_sitenote_category":0,"footnotes":""},"categories":[34,70,69,19],"tags":[93,3429,3486,2709,267,3792,1345,61,153],"class_list":["post-27117","post","type-post","status-publish","format-standard","has-post-thumbnail","hentry","category-brasil","category-destaques","category-noticias2","category-saude","tag-brasil","tag-coronavirus","tag-covid-19","tag-goiania","tag-goias","tag-ivermectina","tag-medico","tag-saude","tag-uti"],"aioseo_notices":[],"_links":{"self":[{"href":"https:\/\/www.portalalerta.com.br\/index.php\/wp-json\/wp\/v2\/posts\/27117","targetHints":{"allow":["GET"]}}],"collection":[{"href":"https:\/\/www.portalalerta.com.br\/index.php\/wp-json\/wp\/v2\/posts"}],"about":[{"href":"https:\/\/www.portalalerta.com.br\/index.php\/wp-json\/wp\/v2\/types\/post"}],"author":[{"embeddable":true,"href":"https:\/\/www.portalalerta.com.br\/index.php\/wp-json\/wp\/v2\/users\/2"}],"replies":[{"embeddable":true,"href":"https:\/\/www.portalalerta.com.br\/index.php\/wp-json\/wp\/v2\/comments?post=27117"}],"version-history":[{"count":1,"href":"https:\/\/www.portalalerta.com.br\/index.php\/wp-json\/wp\/v2\/posts\/27117\/revisions"}],"predecessor-version":[{"id":27119,"href":"https:\/\/www.portalalerta.com.br\/index.php\/wp-json\/wp\/v2\/posts\/27117\/revisions\/27119"}],"wp:featuredmedia":[{"embeddable":true,"href":"https:\/\/www.portalalerta.com.br\/index.php\/wp-json\/wp\/v2\/media\/27118"}],"wp:attachment":[{"href":"https:\/\/www.portalalerta.com.br\/index.php\/wp-json\/wp\/v2\/media?parent=27117"}],"wp:term":[{"taxonomy":"category","embeddable":true,"href":"https:\/\/www.portalalerta.com.br\/index.php\/wp-json\/wp\/v2\/categories?post=27117"},{"taxonomy":"post_tag","embeddable":true,"href":"https:\/\/www.portalalerta.com.br\/index.php\/wp-json\/wp\/v2\/tags?post=27117"}],"curies":[{"name":"wp","href":"https:\/\/api.w.org\/{rel}","templated":true}]}}