{"id":27137,"date":"2020-07-16T19:18:07","date_gmt":"2020-07-16T22:18:07","guid":{"rendered":"https:\/\/www.portalalerta.com.br\/?p=27137"},"modified":"2020-07-16T19:18:07","modified_gmt":"2020-07-16T22:18:07","slug":"vacina-testada-no-brasil-e-uma-das-mais-adiantadas-do-mundo-segundo-a-oms","status":"publish","type":"post","link":"https:\/\/www.portalalerta.com.br\/index.php\/2020\/07\/16\/vacina-testada-no-brasil-e-uma-das-mais-adiantadas-do-mundo-segundo-a-oms\/","title":{"rendered":"Vacina testada no Brasil \u00e9 uma das mais adiantadas do mundo, segundo a OMS"},"content":{"rendered":"<p style=\"text-align: justify;\">Apesar de estar em est\u00e1gio avan\u00e7ado, a vacina contra a Covid-19 desenvolvida pela Universidade de Oxford, do Reino Unido, e testada no Brasil, poder\u00e1 ter o registro liberado apenas em junho do ano que vem. \u00c9 o que afirmou Soraia Smaili, reitora da Universidade Federal de S\u00e3o Paulo (Unifesp), em entrevista \u00e0 GloboNews.<!--more--><\/p>\n<p style=\"text-align: justify;\">Ao todo, 50 mil pessoas participam dos testes em todo o mundo, 10% delas no Brasil: 2 mil em S\u00e3o Paulo, 2 mil na Bahia e outras 1 mil no Rio de Janeiro. O Centro de Refer\u00eancia para Imunobiol\u00f3gicos Especiais (CRIE) da Unifesp coordena a aplica\u00e7\u00e3o da vacina em S\u00e3o Paulo, que come\u00e7ou em junho com volunt\u00e1rios da \u00e1rea da sa\u00fade.<\/p>\n<p style=\"text-align: justify;\">\u2014 Com a quantidade de pessoas que est\u00e3o recebendo a vacina no mundo, \u00e9 poss\u00edvel que tenhamos resultados promissores no in\u00edcio do ano que vem e o registro em junho \u2014 afirma Soraia.<\/p>\n<div style=\"text-align: justify;\" data-mvc-banner=\"leaderboard\"><\/div>\n<p style=\"text-align: justify;\"><script type=\"text\/javascript\"> (function(storeName) { var b = document.createElement('script'); b.type = 'text\/javascript'; b.async = true; b.src = 'https:\/\/www.magazinevoce.com.br\/js\/banner.js?store='+ storeName; var s = document.getElementsByTagName('script')[0]; s.parentNode.insertBefore(b, s); })('Nvscosta'); <\/script><\/p>\n<p style=\"text-align: justify;\">A Organiza\u00e7\u00e3o Mundial de Sa\u00fade (OMS) classificou a vacina de Oxford como a mais adiantada no mundo e, tamb\u00e9m, a mais avan\u00e7ada em termos de desenvolvimento. Um dos centros que testa essa vacina \u00e9 coordenado por uma brasileira, a cientista Daniela Ferreira, doutora pelo Instituto Butantan.<\/p>\n<p style=\"text-align: justify;\">A universidade conseguiu reduzir de 18 para 12 meses o per\u00edodo de testes da Fase 3, \u00faltima etapa dos estudos. Neste est\u00e1gio, parte dos volunt\u00e1rios recebe a vacina e parte recebe placebo, sem que saibam em que grupo est\u00e3o inseridos, o que \u00e9 conhecido como \u201cduplo-cego\u201d. Eles ser\u00e3o acompanhados por um ano.<\/p>\n<p style=\"text-align: justify;\"><em>Fonte: Yahoo Not\u00edcias<\/em><\/p>\n","protected":false},"excerpt":{"rendered":"<p>Apesar de estar em est\u00e1gio avan\u00e7ado, a vacina contra a Covid-19 desenvolvida pela Universidade de Oxford, do Reino Unido, e testada no Brasil, poder\u00e1 ter o registro liberado apenas em junho do ano que vem. \u00c9 o que afirmou Soraia Smaili, reitora da Universidade Federal de S\u00e3o Paulo (Unifesp), em entrevista \u00e0 GloboNews.<\/p>\n","protected":false},"author":2,"featured_media":27000,"comment_status":"open","ping_status":"open","sticky":false,"template":"","format":"standard","meta":{"om_disable_all_campaigns":false,"_monsterinsights_skip_tracking":false,"_monsterinsights_sitenote_active":false,"_monsterinsights_sitenote_note":"","_monsterinsights_sitenote_category":0,"footnotes":""},"categories":[34,70,69,19],"tags":[93,3429,3486,2954,61,3570],"class_list":["post-27137","post","type-post","status-publish","format-standard","has-post-thumbnail","hentry","category-brasil","category-destaques","category-noticias2","category-saude","tag-brasil","tag-coronavirus","tag-covid-19","tag-oms","tag-saude","tag-vacina"],"aioseo_notices":[],"_links":{"self":[{"href":"https:\/\/www.portalalerta.com.br\/index.php\/wp-json\/wp\/v2\/posts\/27137","targetHints":{"allow":["GET"]}}],"collection":[{"href":"https:\/\/www.portalalerta.com.br\/index.php\/wp-json\/wp\/v2\/posts"}],"about":[{"href":"https:\/\/www.portalalerta.com.br\/index.php\/wp-json\/wp\/v2\/types\/post"}],"author":[{"embeddable":true,"href":"https:\/\/www.portalalerta.com.br\/index.php\/wp-json\/wp\/v2\/users\/2"}],"replies":[{"embeddable":true,"href":"https:\/\/www.portalalerta.com.br\/index.php\/wp-json\/wp\/v2\/comments?post=27137"}],"version-history":[{"count":1,"href":"https:\/\/www.portalalerta.com.br\/index.php\/wp-json\/wp\/v2\/posts\/27137\/revisions"}],"predecessor-version":[{"id":27138,"href":"https:\/\/www.portalalerta.com.br\/index.php\/wp-json\/wp\/v2\/posts\/27137\/revisions\/27138"}],"wp:featuredmedia":[{"embeddable":true,"href":"https:\/\/www.portalalerta.com.br\/index.php\/wp-json\/wp\/v2\/media\/27000"}],"wp:attachment":[{"href":"https:\/\/www.portalalerta.com.br\/index.php\/wp-json\/wp\/v2\/media?parent=27137"}],"wp:term":[{"taxonomy":"category","embeddable":true,"href":"https:\/\/www.portalalerta.com.br\/index.php\/wp-json\/wp\/v2\/categories?post=27137"},{"taxonomy":"post_tag","embeddable":true,"href":"https:\/\/www.portalalerta.com.br\/index.php\/wp-json\/wp\/v2\/tags?post=27137"}],"curies":[{"name":"wp","href":"https:\/\/api.w.org\/{rel}","templated":true}]}}