{"id":27142,"date":"2020-07-16T19:43:31","date_gmt":"2020-07-16T22:43:31","guid":{"rendered":"https:\/\/www.portalalerta.com.br\/?p=27142"},"modified":"2020-07-16T19:43:31","modified_gmt":"2020-07-16T22:43:31","slug":"maia-para-guedes-camara-nao-aprovara-nova-cpmf","status":"publish","type":"post","link":"https:\/\/www.portalalerta.com.br\/index.php\/2020\/07\/16\/maia-para-guedes-camara-nao-aprovara-nova-cpmf\/","title":{"rendered":"Maia para Guedes: C\u00e2mara n\u00e3o aprovar\u00e1 nova CPMF"},"content":{"rendered":"<p style=\"text-align: justify;\">O presidente da C\u00e2mara,\u00a0Rodrigo Maia\u00a0(DEM-RJ), j\u00e1 avisou ao Planalto que o Congresso n\u00e3o deve aprovar uma nova CPMF. \u201cA sociedade n\u00e3o aceita novo imposto\u201d, disse.<!--more--><\/p>\n<p style=\"text-align: justify;\">O ministro da Economia,\u00a0Paulo Guedes, anunciou a ideia de cria\u00e7\u00e3o de um imposto sobre transa\u00e7\u00f5es eletr\u00f4nicas, chamado de \u201cnova CPMF\u201d, para financiar o Renda Brasil, programa que deve substituir o Bolsa Fam\u00edlia.<\/p>\n<p style=\"text-align: justify;\">No Congresso, ainda h\u00e1 forte rea\u00e7\u00e3o \u00e0 proposta de se criar o Imposto sobre Transa\u00e7\u00f5es Eletr\u00f4nicas, mas o governo come\u00e7ou a atuar para vencer essa resist\u00eancia.<\/p>\n<p style=\"text-align: justify;\"><img fetchpriority=\"high\" decoding=\"async\" class=\"size-thumbnail wp-image-4869 aligncenter\" src=\"https:\/\/www.portalalerta.com.br\/wp-content\/uploads\/2018\/02\/Auto-Escola-Nobre-720x181.jpg\" alt=\"\" width=\"720\" height=\"181\" srcset=\"https:\/\/www.portalalerta.com.br\/wp-content\/uploads\/2018\/02\/Auto-Escola-Nobre.jpg 720w, https:\/\/www.portalalerta.com.br\/wp-content\/uploads\/2018\/02\/Auto-Escola-Nobre-260x65.jpg 260w, https:\/\/www.portalalerta.com.br\/wp-content\/uploads\/2018\/02\/Auto-Escola-Nobre-50x13.jpg 50w, https:\/\/www.portalalerta.com.br\/wp-content\/uploads\/2018\/02\/Auto-Escola-Nobre-150x38.jpg 150w\" sizes=\"(max-width: 720px) 100vw, 720px\" \/>\u201cN\u00e3o vejo a menor perspectiva de aprovarmos qualquer coisa que implique aumento de impostos\u201d, disse o l\u00edder do PSDB na C\u00e2mara, Carlos Sampaio (SP).<\/p>\n<p style=\"text-align: justify;\">O Pal\u00e1cio do Planalto conta agora com o apoio dos partidos do Centr\u00e3o, o que nos c\u00e1lculos do governo resulta em cerca de 200 votos.<\/p>\n<p style=\"text-align: justify;\">O ministro da Economia vai incluir a cria\u00e7\u00e3o do imposto na proposta de reforma tribut\u00e1ria que deve ser encaminhada ao Congresso at\u00e9 o fim do m\u00eas. Ele informou que o imposto seria provis\u00f3rio e duraria dois anos, com al\u00edquota de 0,2%.<\/p>\n<p style=\"text-align: justify;\"><em>Fonte: Yahoo Not\u00edcias<\/em><\/p>\n","protected":false},"excerpt":{"rendered":"<p>O presidente da C\u00e2mara,\u00a0Rodrigo Maia\u00a0(DEM-RJ), j\u00e1 avisou ao Planalto que o Congresso n\u00e3o deve aprovar uma nova CPMF. \u201cA sociedade n\u00e3o aceita novo imposto\u201d, disse.<\/p>\n","protected":false},"author":2,"featured_media":27143,"comment_status":"open","ping_status":"open","sticky":false,"template":"","format":"standard","meta":{"om_disable_all_campaigns":false,"_monsterinsights_skip_tracking":false,"_monsterinsights_sitenote_active":false,"_monsterinsights_sitenote_note":"","_monsterinsights_sitenote_category":0,"footnotes":""},"categories":[34,70,69,21],"tags":[93,3794,2707,2708,1454,189],"class_list":["post-27142","post","type-post","status-publish","format-standard","has-post-thumbnail","hentry","category-brasil","category-destaques","category-noticias2","category-politica","tag-brasil","tag-cpmf","tag-ministro-da-economia","tag-paulo-guedes","tag-presidente-da-camara","tag-rodrigo-maia"],"aioseo_notices":[],"_links":{"self":[{"href":"https:\/\/www.portalalerta.com.br\/index.php\/wp-json\/wp\/v2\/posts\/27142","targetHints":{"allow":["GET"]}}],"collection":[{"href":"https:\/\/www.portalalerta.com.br\/index.php\/wp-json\/wp\/v2\/posts"}],"about":[{"href":"https:\/\/www.portalalerta.com.br\/index.php\/wp-json\/wp\/v2\/types\/post"}],"author":[{"embeddable":true,"href":"https:\/\/www.portalalerta.com.br\/index.php\/wp-json\/wp\/v2\/users\/2"}],"replies":[{"embeddable":true,"href":"https:\/\/www.portalalerta.com.br\/index.php\/wp-json\/wp\/v2\/comments?post=27142"}],"version-history":[{"count":1,"href":"https:\/\/www.portalalerta.com.br\/index.php\/wp-json\/wp\/v2\/posts\/27142\/revisions"}],"predecessor-version":[{"id":27144,"href":"https:\/\/www.portalalerta.com.br\/index.php\/wp-json\/wp\/v2\/posts\/27142\/revisions\/27144"}],"wp:featuredmedia":[{"embeddable":true,"href":"https:\/\/www.portalalerta.com.br\/index.php\/wp-json\/wp\/v2\/media\/27143"}],"wp:attachment":[{"href":"https:\/\/www.portalalerta.com.br\/index.php\/wp-json\/wp\/v2\/media?parent=27142"}],"wp:term":[{"taxonomy":"category","embeddable":true,"href":"https:\/\/www.portalalerta.com.br\/index.php\/wp-json\/wp\/v2\/categories?post=27142"},{"taxonomy":"post_tag","embeddable":true,"href":"https:\/\/www.portalalerta.com.br\/index.php\/wp-json\/wp\/v2\/tags?post=27142"}],"curies":[{"name":"wp","href":"https:\/\/api.w.org\/{rel}","templated":true}]}}