{"id":27170,"date":"2020-07-16T22:30:18","date_gmt":"2020-07-17T01:30:18","guid":{"rendered":"https:\/\/www.portalalerta.com.br\/?p=27170"},"modified":"2020-07-16T22:30:18","modified_gmt":"2020-07-17T01:30:18","slug":"alckmin-e-indiciado-por-suspeita-de-lavagem-de-dinheiro-e-corrupcao","status":"publish","type":"post","link":"https:\/\/www.portalalerta.com.br\/index.php\/2020\/07\/16\/alckmin-e-indiciado-por-suspeita-de-lavagem-de-dinheiro-e-corrupcao\/","title":{"rendered":"Alckmin \u00e9 indiciado por suspeita de lavagem de dinheiro e corrup\u00e7\u00e3o"},"content":{"rendered":"<p style=\"text-align: justify;\">Ex-governador de S\u00e3o Paulo, Geraldo Alckmin foi indiciado pelo Minist\u00e9rio P\u00fablico Federal por suspeita de lavagem de dinheiro, caixa dois e corrup\u00e7\u00e3o passiva. A informa\u00e7\u00e3o foi revelada pela\u00a0<em>TV Globo<\/em>\u00a0nesta quinta (16).<!--more--><\/p>\n<p style=\"text-align: justify;\">O ex-governador de S\u00e3o Paulo foi um dos nomes citados em um inqu\u00e9rito que investiga doa\u00e7\u00f5es da empreiteira Odebrecht durante campanhas eleitorais. De acordo com Carlos Armando Paschoal, diretor da empresa em S\u00e3o Paulo, ele teria fornecido R$ 2 milh\u00f5es para a campanha de Alckmin ao governo do estado em 2010.<\/p>\n<p style=\"text-align: justify;\">Em 2017, delatores da Odebrecht afirmaram que a empresa contribuiu com mais de R$ 10 milh\u00f5es em duas campanhas do tucano: R$ 2 milh\u00f5es em 2010 e R$ 8,3 milh\u00f5es em 2014. Os valores n\u00e3o foram declarados em presta\u00e7\u00f5es de conta da candidatura.<\/p>\n<div data-mvc-banner=\"leaderboard\"><\/div>\n<p><script type=\"text\/javascript\"> (function(storeName) { var b = document.createElement('script'); b.type = 'text\/javascript'; b.async = true; b.src = 'https:\/\/www.magazinevoce.com.br\/js\/banner.js?store='+ storeName; var s = document.getElementsByTagName('script')[0]; s.parentNode.insertBefore(b, s); })('Nvscosta'); <\/script><\/p>\n<p style=\"text-align: justify;\">O repasse dos valores teria sido feito atrav\u00e9s de Adhemar Cesar Ribeiro, irm\u00e3o da esposa do ex-governador, Lu Alckmin. Carlos Amando Paschoal afirmou que recebeu um cart\u00e3o de Adhemar diretamente das m\u00e3os do pol\u00edtico.<\/p>\n<p style=\"text-align: justify;\">Al\u00e9m de Alckmin, mais dois nomes foram indiciados: o ex-tesoureiro do PSDB Marcos Monteiro e o advogado Sebasti\u00e3o Eduardo Alves de Castro.<\/p>\n<p style=\"text-align: justify;\">Alckmin n\u00e3o \u00e9 o primeiro membro do PSDB alvo das investiga\u00e7\u00f5es. No \u00faltimo dia 3, o tamb\u00e9m ex-governador Jos\u00e9 Serra foi acusado pelo Minist\u00e9rio P\u00fablico Federal de lavagem de dinheiro, em uma den\u00fancia que usa como contexto as investiga\u00e7\u00f5es que a Procuradoria tocou nesses \u00faltimos anos sobre a gest\u00e3o.<\/p>\n<p style=\"text-align: justify;\"><em>Fonte: Yahoo Not\u00edcias<\/em><\/p>\n","protected":false},"excerpt":{"rendered":"<p>Ex-governador de S\u00e3o Paulo, Geraldo Alckmin foi indiciado pelo Minist\u00e9rio P\u00fablico Federal por suspeita de lavagem de dinheiro, caixa dois e corrup\u00e7\u00e3o passiva. A informa\u00e7\u00e3o foi revelada pela\u00a0TV Globo\u00a0nesta quinta (16).<\/p>\n","protected":false},"author":2,"featured_media":6217,"comment_status":"open","ping_status":"open","sticky":false,"template":"","format":"standard","meta":{"om_disable_all_campaigns":false,"_monsterinsights_skip_tracking":false,"_monsterinsights_sitenote_active":false,"_monsterinsights_sitenote_note":"","_monsterinsights_sitenote_category":0,"footnotes":""},"categories":[34,70,69,21],"tags":[93,406,115,117,898,1044,237,939,404],"class_list":["post-27170","post","type-post","status-publish","format-standard","has-post-thumbnail","hentry","category-brasil","category-destaques","category-noticias2","category-politica","tag-brasil","tag-caixa-2","tag-corrupcao","tag-ex-governador","tag-geraldo-alckimin","tag-lavagem-de-dinheiro","tag-odebrecht","tag-psdb","tag-sao-paulo"],"aioseo_notices":[],"_links":{"self":[{"href":"https:\/\/www.portalalerta.com.br\/index.php\/wp-json\/wp\/v2\/posts\/27170","targetHints":{"allow":["GET"]}}],"collection":[{"href":"https:\/\/www.portalalerta.com.br\/index.php\/wp-json\/wp\/v2\/posts"}],"about":[{"href":"https:\/\/www.portalalerta.com.br\/index.php\/wp-json\/wp\/v2\/types\/post"}],"author":[{"embeddable":true,"href":"https:\/\/www.portalalerta.com.br\/index.php\/wp-json\/wp\/v2\/users\/2"}],"replies":[{"embeddable":true,"href":"https:\/\/www.portalalerta.com.br\/index.php\/wp-json\/wp\/v2\/comments?post=27170"}],"version-history":[{"count":1,"href":"https:\/\/www.portalalerta.com.br\/index.php\/wp-json\/wp\/v2\/posts\/27170\/revisions"}],"predecessor-version":[{"id":27171,"href":"https:\/\/www.portalalerta.com.br\/index.php\/wp-json\/wp\/v2\/posts\/27170\/revisions\/27171"}],"wp:featuredmedia":[{"embeddable":true,"href":"https:\/\/www.portalalerta.com.br\/index.php\/wp-json\/wp\/v2\/media\/6217"}],"wp:attachment":[{"href":"https:\/\/www.portalalerta.com.br\/index.php\/wp-json\/wp\/v2\/media?parent=27170"}],"wp:term":[{"taxonomy":"category","embeddable":true,"href":"https:\/\/www.portalalerta.com.br\/index.php\/wp-json\/wp\/v2\/categories?post=27170"},{"taxonomy":"post_tag","embeddable":true,"href":"https:\/\/www.portalalerta.com.br\/index.php\/wp-json\/wp\/v2\/tags?post=27170"}],"curies":[{"name":"wp","href":"https:\/\/api.w.org\/{rel}","templated":true}]}}