{"id":27174,"date":"2020-07-16T22:43:27","date_gmt":"2020-07-17T01:43:27","guid":{"rendered":"https:\/\/www.portalalerta.com.br\/?p=27174"},"modified":"2020-07-16T22:43:27","modified_gmt":"2020-07-17T01:43:27","slug":"policial-militar-morre-apos-cair-de-helicoptero-durante-treinamento-em-sao-paulo","status":"publish","type":"post","link":"https:\/\/www.portalalerta.com.br\/index.php\/2020\/07\/16\/policial-militar-morre-apos-cair-de-helicoptero-durante-treinamento-em-sao-paulo\/","title":{"rendered":"Policial militar morre ap\u00f3s cair de helic\u00f3ptero durante treinamento em S\u00e3o Paulo"},"content":{"rendered":"<p style=\"text-align: justify;\">Um policial militar de 43 anos morreu ap\u00f3s cair de um helic\u00f3ptero durante treinamento realizado em um aer\u00f3dromo particular na cidade de \u00c1lvares Machado, interior de S\u00e3o Paulo, na manh\u00e3 desta quinta-feira, 16. O cabo Alexandre Lu\u00eds Batista chegou a ser levado em estado grav\u00edssimo para um hospital em Presidente Prudente, onde acabou falecendo.\u00a0\u00a0<!--more--><\/p>\n<p style=\"text-align: justify;\"><img fetchpriority=\"high\" decoding=\"async\" class=\"size-thumbnail wp-image-4869 aligncenter\" src=\"https:\/\/www.portalalerta.com.br\/wp-content\/uploads\/2018\/02\/Auto-Escola-Nobre-720x181.jpg\" alt=\"\" width=\"720\" height=\"181\" srcset=\"https:\/\/www.portalalerta.com.br\/wp-content\/uploads\/2018\/02\/Auto-Escola-Nobre.jpg 720w, https:\/\/www.portalalerta.com.br\/wp-content\/uploads\/2018\/02\/Auto-Escola-Nobre-260x65.jpg 260w, https:\/\/www.portalalerta.com.br\/wp-content\/uploads\/2018\/02\/Auto-Escola-Nobre-50x13.jpg 50w, https:\/\/www.portalalerta.com.br\/wp-content\/uploads\/2018\/02\/Auto-Escola-Nobre-150x38.jpg 150w\" sizes=\"(max-width: 720px) 100vw, 720px\" \/>De acordo com o G1, o militar se desequilibrou e caiu de uma altura de cerca de oito a dez metros enquanto participava de um treinamento conjunto entre a For\u00e7a T\u00e1tica do 32\u00ba Batalh\u00e3o da Pol\u00edcia Militar do Interior (BPM\/I), de Assis (SP), e o Grupamento A\u00e9reo na regi\u00e3o pr\u00f3xima ao Condom\u00ednio Val\u00eancia 1.<\/p>\n<p style=\"text-align: justify;\">A Pol\u00edcia Militar vai instaurar uma sindic\u00e2ncia para apurar o ocorrido.<\/p>\n<p style=\"text-align: justify;\"><em>Fonte: Agencia Brasil<\/em><\/p>\n","protected":false},"excerpt":{"rendered":"<p>Um policial militar de 43 anos morreu ap\u00f3s cair de um helic\u00f3ptero durante treinamento realizado em um aer\u00f3dromo particular na cidade de \u00c1lvares Machado, interior de S\u00e3o Paulo, na manh\u00e3 desta quinta-feira, 16. O cabo Alexandre Lu\u00eds Batista chegou a ser levado em estado grav\u00edssimo para um hospital em Presidente Prudente, onde acabou falecendo.\u00a0\u00a0<\/p>\n","protected":false},"author":2,"featured_media":27175,"comment_status":"open","ping_status":"open","sticky":false,"template":"","format":"standard","meta":{"om_disable_all_campaigns":false,"_monsterinsights_skip_tracking":false,"_monsterinsights_sitenote_active":false,"_monsterinsights_sitenote_note":"","_monsterinsights_sitenote_category":0,"footnotes":""},"categories":[34,70,69,22],"tags":[166,93,2226,169,79,504,404],"class_list":["post-27174","post","type-post","status-publish","format-standard","has-post-thumbnail","hentry","category-brasil","category-destaques","category-noticias2","category-seguranca","tag-acidente","tag-brasil","tag-helicoptero","tag-morte","tag-policia-militar","tag-policial","tag-sao-paulo"],"aioseo_notices":[],"_links":{"self":[{"href":"https:\/\/www.portalalerta.com.br\/index.php\/wp-json\/wp\/v2\/posts\/27174","targetHints":{"allow":["GET"]}}],"collection":[{"href":"https:\/\/www.portalalerta.com.br\/index.php\/wp-json\/wp\/v2\/posts"}],"about":[{"href":"https:\/\/www.portalalerta.com.br\/index.php\/wp-json\/wp\/v2\/types\/post"}],"author":[{"embeddable":true,"href":"https:\/\/www.portalalerta.com.br\/index.php\/wp-json\/wp\/v2\/users\/2"}],"replies":[{"embeddable":true,"href":"https:\/\/www.portalalerta.com.br\/index.php\/wp-json\/wp\/v2\/comments?post=27174"}],"version-history":[{"count":1,"href":"https:\/\/www.portalalerta.com.br\/index.php\/wp-json\/wp\/v2\/posts\/27174\/revisions"}],"predecessor-version":[{"id":27176,"href":"https:\/\/www.portalalerta.com.br\/index.php\/wp-json\/wp\/v2\/posts\/27174\/revisions\/27176"}],"wp:featuredmedia":[{"embeddable":true,"href":"https:\/\/www.portalalerta.com.br\/index.php\/wp-json\/wp\/v2\/media\/27175"}],"wp:attachment":[{"href":"https:\/\/www.portalalerta.com.br\/index.php\/wp-json\/wp\/v2\/media?parent=27174"}],"wp:term":[{"taxonomy":"category","embeddable":true,"href":"https:\/\/www.portalalerta.com.br\/index.php\/wp-json\/wp\/v2\/categories?post=27174"},{"taxonomy":"post_tag","embeddable":true,"href":"https:\/\/www.portalalerta.com.br\/index.php\/wp-json\/wp\/v2\/tags?post=27174"}],"curies":[{"name":"wp","href":"https:\/\/api.w.org\/{rel}","templated":true}]}}