{"id":2719,"date":"2017-11-23T13:14:31","date_gmt":"2017-11-23T15:14:31","guid":{"rendered":"http:\/\/www.portalalerta.com.br\/?p=2719"},"modified":"2017-11-27T22:22:21","modified_gmt":"2017-11-28T00:22:21","slug":"corte-dos-salarios-no-municipio-de-cipo-ba","status":"publish","type":"post","link":"https:\/\/www.portalalerta.com.br\/index.php\/2017\/11\/23\/corte-dos-salarios-no-municipio-de-cipo-ba\/","title":{"rendered":"Corte Dos Sal\u00e1rios No Munic\u00edpio De Cip\u00f3-Ba"},"content":{"rendered":"<div class=\"itemIntroText\">\n<p>O prefeito do munic\u00edpio de Cip\u00f3, Dr. Abel Ara\u00fajo, sancionou no dia 08 de Novembro, a Lei Municipal n\u00b0 219\/2017, que reduz em 20% os subs\u00eddios do Prefeito, Vice-Prefeito, Secret\u00e1rios Municipais, al\u00e9m dos sal\u00e1rios de Servidores Comissionados cujo base seja superior a R$ 937,00.<\/p>\n<\/div>\n<p><img fetchpriority=\"high\" decoding=\"async\" class=\"aligncenter size-full wp-image-2867\" src=\"http:\/\/www.portalalerta.com.br\/wp-content\/uploads\/2017\/11\/protege-1.jpg\" alt=\"\" width=\"600\" height=\"140\" \/><\/p>\n<div class=\"itemFullText\">\n<p>&nbsp;<\/p>\n<p>Tal medida visa gerar economicidade aos cofres p\u00fablicos, atender a Lei de Responsabilidade Fiscal e reverter-se em benef\u00edcios diretos para toda popula\u00e7\u00e3o da cidade. A lei, aprovada por unanimidade na C\u00e2mara de Vereadores, oriunda do Projeto 023\/2017 de autoria do Poder Executivo, entrou em vigor com efeitos retroativos a 01 de Novembro 2017 e ter\u00e1 sua vig\u00eancia at\u00e9 o dia 31 de Dezembro 2017.<\/p>\n<p><em>Fonte: Joilson Costa<\/em><\/p>\n<p><em>Com informa\u00e7\u00f5es: SECOM PMC<\/em><\/p>\n<\/div>\n","protected":false},"excerpt":{"rendered":"<p>O prefeito do munic\u00edpio de Cip\u00f3, Dr. Abel Ara\u00fajo, sancionou no dia 08 de Novembro, a Lei Municipal n\u00b0 219\/2017, que reduz em 20% os subs\u00eddios do Prefeito, Vice-Prefeito, Secret\u00e1rios Municipais, al\u00e9m dos sal\u00e1rios de Servidores Comissionados cujo base seja superior a R$ 937,00. &nbsp; Tal medida visa gerar economicidade aos cofres p\u00fablicos, atender a &hellip;<\/p>\n","protected":false},"author":1,"featured_media":2869,"comment_status":"closed","ping_status":"open","sticky":false,"template":"","format":"standard","meta":{"om_disable_all_campaigns":false,"_monsterinsights_skip_tracking":false,"_monsterinsights_sitenote_active":false,"_monsterinsights_sitenote_note":"","_monsterinsights_sitenote_category":0,"footnotes":""},"categories":[13],"tags":[45],"class_list":["post-2719","post","type-post","status-publish","format-standard","has-post-thumbnail","hentry","category-cipo","tag-cipo"],"aioseo_notices":[],"_links":{"self":[{"href":"https:\/\/www.portalalerta.com.br\/index.php\/wp-json\/wp\/v2\/posts\/2719","targetHints":{"allow":["GET"]}}],"collection":[{"href":"https:\/\/www.portalalerta.com.br\/index.php\/wp-json\/wp\/v2\/posts"}],"about":[{"href":"https:\/\/www.portalalerta.com.br\/index.php\/wp-json\/wp\/v2\/types\/post"}],"author":[{"embeddable":true,"href":"https:\/\/www.portalalerta.com.br\/index.php\/wp-json\/wp\/v2\/users\/1"}],"replies":[{"embeddable":true,"href":"https:\/\/www.portalalerta.com.br\/index.php\/wp-json\/wp\/v2\/comments?post=2719"}],"version-history":[{"count":0,"href":"https:\/\/www.portalalerta.com.br\/index.php\/wp-json\/wp\/v2\/posts\/2719\/revisions"}],"wp:featuredmedia":[{"embeddable":true,"href":"https:\/\/www.portalalerta.com.br\/index.php\/wp-json\/wp\/v2\/media\/2869"}],"wp:attachment":[{"href":"https:\/\/www.portalalerta.com.br\/index.php\/wp-json\/wp\/v2\/media?parent=2719"}],"wp:term":[{"taxonomy":"category","embeddable":true,"href":"https:\/\/www.portalalerta.com.br\/index.php\/wp-json\/wp\/v2\/categories?post=2719"},{"taxonomy":"post_tag","embeddable":true,"href":"https:\/\/www.portalalerta.com.br\/index.php\/wp-json\/wp\/v2\/tags?post=2719"}],"curies":[{"name":"wp","href":"https:\/\/api.w.org\/{rel}","templated":true}]}}