{"id":2725,"date":"2017-11-23T13:21:45","date_gmt":"2017-11-23T15:21:45","guid":{"rendered":"http:\/\/www.portalalerta.com.br\/?p=2725"},"modified":"2017-11-23T13:21:45","modified_gmt":"2017-11-23T15:21:45","slug":"homem-e-preso-por-estuprar-filha-de-9-anos-em-feira-de-santana-suspeito-nega-acusacao","status":"publish","type":"post","link":"https:\/\/www.portalalerta.com.br\/index.php\/2017\/11\/23\/homem-e-preso-por-estuprar-filha-de-9-anos-em-feira-de-santana-suspeito-nega-acusacao\/","title":{"rendered":"Homem \u00e9 preso por estuprar filha de 9 anos em Feira de Santana; suspeito nega acusa\u00e7\u00e3o"},"content":{"rendered":"<h2 class=\"content-head__subtitle\">De acordo com a pol\u00edcia, o caso aconteceu quando a v\u00edtima foi passar o dia com o pai. Exame comprovou crime e mandado de pris\u00e3o foi expedido pela Justi\u00e7a.<\/h2>\n<p>Um homem de 36 anos foi preso por estuprar a filha de 9 anos, na cidade de Feira de Santana, que fica a cerca de 100 quil\u00f4metros de Salvador.<\/p>\n<div class=\"mc-column content-text active-extra-styles \" data-block-type=\"unstyled\" data-block-weight=\"26\" data-block-id=\"3\">\n<p class=\"content-text__container \" data-track-category=\"Link no Texto\" data-track-links=\"\">A pris\u00e3o do suspeito foi efetuda na quarta-feira (22), ap\u00f3s mandado de pris\u00e3o expedido pela Justi\u00e7a. Ele est\u00e1 preso no Conjunto Penal de Feira de Santana.<\/p>\n<\/div>\n<div class=\"mc-column content-text active-extra-styles \" data-block-type=\"unstyled\" data-block-weight=\"37\" data-block-id=\"4\">\n<p class=\"content-text__container \" data-track-category=\"Link no Texto\" data-track-links=\"\">De acordo com a pol\u00edcia, o caso aconteceu no in\u00edcio de abril, quando a v\u00edtima foi passar o dia com o pai. O estupro foi comprovado a partir de exame de corpo de delito, feito na ocasi\u00e3o.<\/p>\n<\/div>\n<div class=\"mc-column content-text active-extra-styles \" data-block-type=\"unstyled\" data-block-weight=\"37\" data-block-id=\"5\">\n<p class=\"content-text__container \" data-track-category=\"Link no Texto\" data-track-links=\"\">A m\u00e3e da crian\u00e7a contou \u00e0 pol\u00edcia que soube do abuso quando ele foi levar a crian\u00e7a de volta para casa. Ao chegar na resid\u00eancia, a menina relatou o acontecido \u00e0 m\u00e3e ainda na frente do pai.<\/p>\n<\/div>\n<div data-track-category=\"fim do conteudo\" data-track-action=\"ultimo chunk conteudo\" data-track-noninteraction=\"false\" data-track-scroll=\"entrada completa viewport\">\n<div class=\"mc-column content-text active-extra-styles \" data-block-type=\"unstyled\" data-block-weight=\"35\" data-block-id=\"6\">\n<p class=\"content-text__container \" data-track-category=\"Link no Texto\" data-track-links=\"\">Segundo a pol\u00edcia, ele teria dito \u00e0 mulher para &#8220;desconsiderar o que foi feito&#8221;, pois estava b\u00eabado. Ao prestar depoimento na delegacia, o suspeito negou a acusa\u00e7\u00e3o, mesmo com a comprova\u00e7\u00e3o do crime por exame.<\/p>\n<\/div>\n<\/div>\n","protected":false},"excerpt":{"rendered":"<p>De acordo com a pol\u00edcia, o caso aconteceu quando a v\u00edtima foi passar o dia com o pai. Exame comprovou crime e mandado de pris\u00e3o foi expedido pela Justi\u00e7a. Um homem de 36 anos foi preso por estuprar a filha de 9 anos, na cidade de Feira de Santana, que fica a cerca de 100 &hellip;<\/p>\n","protected":false},"author":1,"featured_media":2723,"comment_status":"closed","ping_status":"open","sticky":false,"template":"","format":"standard","meta":{"om_disable_all_campaigns":false,"_monsterinsights_skip_tracking":false,"_monsterinsights_sitenote_active":false,"_monsterinsights_sitenote_note":"","_monsterinsights_sitenote_category":0,"footnotes":""},"categories":[33],"tags":[54,56,55,57],"class_list":["post-2725","post","type-post","status-publish","format-standard","has-post-thumbnail","hentry","category-bahia","tag-bahia","tag-estupro","tag-feiradesantana","tag-menor"],"aioseo_notices":[],"_links":{"self":[{"href":"https:\/\/www.portalalerta.com.br\/index.php\/wp-json\/wp\/v2\/posts\/2725","targetHints":{"allow":["GET"]}}],"collection":[{"href":"https:\/\/www.portalalerta.com.br\/index.php\/wp-json\/wp\/v2\/posts"}],"about":[{"href":"https:\/\/www.portalalerta.com.br\/index.php\/wp-json\/wp\/v2\/types\/post"}],"author":[{"embeddable":true,"href":"https:\/\/www.portalalerta.com.br\/index.php\/wp-json\/wp\/v2\/users\/1"}],"replies":[{"embeddable":true,"href":"https:\/\/www.portalalerta.com.br\/index.php\/wp-json\/wp\/v2\/comments?post=2725"}],"version-history":[{"count":0,"href":"https:\/\/www.portalalerta.com.br\/index.php\/wp-json\/wp\/v2\/posts\/2725\/revisions"}],"wp:featuredmedia":[{"embeddable":true,"href":"https:\/\/www.portalalerta.com.br\/index.php\/wp-json\/wp\/v2\/media\/2723"}],"wp:attachment":[{"href":"https:\/\/www.portalalerta.com.br\/index.php\/wp-json\/wp\/v2\/media?parent=2725"}],"wp:term":[{"taxonomy":"category","embeddable":true,"href":"https:\/\/www.portalalerta.com.br\/index.php\/wp-json\/wp\/v2\/categories?post=2725"},{"taxonomy":"post_tag","embeddable":true,"href":"https:\/\/www.portalalerta.com.br\/index.php\/wp-json\/wp\/v2\/tags?post=2725"}],"curies":[{"name":"wp","href":"https:\/\/api.w.org\/{rel}","templated":true}]}}