{"id":2728,"date":"2017-11-24T23:42:03","date_gmt":"2017-11-25T01:42:03","guid":{"rendered":"http:\/\/www.portalalerta.com.br\/?p=2728"},"modified":"2017-11-24T23:42:03","modified_gmt":"2017-11-25T01:42:03","slug":"professora-da-ufba-presta-queixa-a-pf-apos-ameaca-de-morte-sabiam-onde-me-encontrar","status":"publish","type":"post","link":"https:\/\/www.portalalerta.com.br\/index.php\/2017\/11\/24\/professora-da-ufba-presta-queixa-a-pf-apos-ameaca-de-morte-sabiam-onde-me-encontrar\/","title":{"rendered":"Professora da Ufba presta queixa \u00e0 PF ap\u00f3s amea\u00e7a de morte: &#8216;sabiam onde me encontrar&#8217;"},"content":{"rendered":"<h2 class=\"content-head__subtitle\">Caso foi denunciado pela institui\u00e7\u00e3o por meio de mo\u00e7\u00e3o de rep\u00fadio. V\u00edtima pesquisa sobre divis\u00e3o do trabalho entre homens e mulheres na pol\u00edtica institucional e em cargos de poder.<\/h2>\n<div class=\"mc-column content-text active-extra-styles active-capital-letter\" data-block-type=\"unstyled\" data-block-weight=\"40\" data-block-id=\"2\">\n<p class=\"content-text__container theme-color-primary-first-letter\" data-track-category=\"Link no Texto\" data-track-links=\"\">A professora e pesquisadora de g\u00eanero da Universidade Federal da Bahia (Ufba) que foi v\u00edtima de amea\u00e7a de morte\u00a0prestou queixa \u00e0 Pol\u00edcia Federal (PF) na quinta-feira (23). A universidade denunciou o caso por meio de uma mo\u00e7\u00e3o de rep\u00fadio.<\/p>\n<\/div>\n<div class=\"mc-column content-text active-extra-styles \" data-block-type=\"unstyled\" data-block-weight=\"37\" data-block-id=\"3\">\n<p class=\"content-text__container \" data-track-category=\"Link no Texto\" data-track-links=\"\">A docente, que prefere n\u00e3o se identificar, por seguran\u00e7a, contou ao\u00a0<strong>G1<\/strong>que a persegui\u00e7\u00e3o come\u00e7ou via redes sociais depois de dar uma entrevista a um programa de televis\u00e3o, quando falou sobre a divis\u00e3o sexual do trabalho.<\/p>\n<\/div>\n<div class=\"mc-column content-text active-extra-styles \" data-block-type=\"unstyled\" data-block-weight=\"14\" data-block-id=\"4\">\n<p class=\"content-text__container \" data-track-category=\"Link no Texto\" data-track-links=\"\">O\u00a0<strong>G1<\/strong>\u00a0n\u00e3o conseguiu contato com a Pol\u00edcia Federal at\u00e9 a publica\u00e7\u00e3o da reportagem.<\/p>\n<\/div>\n<div class=\"mc-column content-text active-extra-styles \" data-block-type=\"unstyled\" data-block-weight=\"57\" data-block-id=\"5\">\n<p class=\"content-text__container \" data-track-category=\"Link no Texto\" data-track-links=\"\">\u201cForam mensagens privadas em redes sociais, de pessoas desconhecidas, n\u00e3o sei se s\u00e3o perfis fakes ou n\u00e3o. Eles falavam coisas das mais variadas, muitos xingamentos, chacota e amea\u00e7a. Teve mensagem dizendo que sabiam onde me encontrar e que iam me pegar na Ufba. Tamb\u00e9m falaram coisas de baixo cal\u00e3o, me ofendendo e me chamando de ped\u00f3fila\u201d, relatou.<\/p>\n<\/div>\n<div class=\"mc-column content-text active-extra-styles \" data-block-type=\"unstyled\" data-block-weight=\"24\" data-block-id=\"6\">\n<p class=\"content-text__container \" data-track-category=\"Link no Texto\" data-track-links=\"\">Depois dos ataques, a professora disse que a Ufba aumentou a seguran\u00e7a dela na universidade. O\u00a0<strong>G1<\/strong>\u00a0aguarda resposta da universidade sobre o refor\u00e7o.<\/p>\n<\/div>\n<div class=\"mc-column content-text active-extra-styles \" data-block-type=\"unstyled\" data-block-weight=\"47\" data-block-id=\"7\">\n<p class=\"content-text__container \" data-track-category=\"Link no Texto\" data-track-links=\"\">A v\u00edtima pesquisa sobre a divis\u00e3o do trabalho entre homens e mulheres na pol\u00edtica institucional e em cargos de poder, um dos espa\u00e7os onde as mulheres ocupam menos espa\u00e7os. \u201c\u00c9 uma coisa que as pessoas deveriam achar absurdo, mas ainda \u00e9 uma coisa pol\u00eamica\u201d, diz a professora.<\/p>\n<\/div>\n<div class=\"mc-column content-text active-extra-styles \" data-block-type=\"unstyled\" data-block-weight=\"50\">\n<div data-track-category=\"fim do conteudo\" data-track-action=\"ultimo chunk conteudo\" data-track-noninteraction=\"false\" data-track-scroll=\"entrada completa viewport\">\n<div class=\"mc-column content-text active-extra-styles \" data-block-type=\"unstyled\" data-block-weight=\"39\">\n<p data-track-category=\"Link no Texto\" data-track-links=\"\">Fonte: G1<\/p>\n<\/div>\n<\/div>\n<\/div>\n","protected":false},"excerpt":{"rendered":"<p>Caso foi denunciado pela institui\u00e7\u00e3o por meio de mo\u00e7\u00e3o de rep\u00fadio. V\u00edtima pesquisa sobre divis\u00e3o do trabalho entre homens e mulheres na pol\u00edtica institucional e em cargos de poder. A professora e pesquisadora de g\u00eanero da Universidade Federal da Bahia (Ufba) que foi v\u00edtima de amea\u00e7a de morte\u00a0prestou queixa \u00e0 Pol\u00edcia Federal (PF) na quinta-feira &hellip;<\/p>\n","protected":false},"author":1,"featured_media":2729,"comment_status":"closed","ping_status":"open","sticky":false,"template":"","format":"standard","meta":{"om_disable_all_campaigns":false,"_monsterinsights_skip_tracking":false,"_monsterinsights_sitenote_active":false,"_monsterinsights_sitenote_note":"","_monsterinsights_sitenote_category":0,"footnotes":""},"categories":[33],"tags":[59,54,58,60],"class_list":["post-2728","post","type-post","status-publish","format-standard","has-post-thumbnail","hentry","category-bahia","tag-ameaca","tag-bahia","tag-professora","tag-violencia"],"aioseo_notices":[],"_links":{"self":[{"href":"https:\/\/www.portalalerta.com.br\/index.php\/wp-json\/wp\/v2\/posts\/2728","targetHints":{"allow":["GET"]}}],"collection":[{"href":"https:\/\/www.portalalerta.com.br\/index.php\/wp-json\/wp\/v2\/posts"}],"about":[{"href":"https:\/\/www.portalalerta.com.br\/index.php\/wp-json\/wp\/v2\/types\/post"}],"author":[{"embeddable":true,"href":"https:\/\/www.portalalerta.com.br\/index.php\/wp-json\/wp\/v2\/users\/1"}],"replies":[{"embeddable":true,"href":"https:\/\/www.portalalerta.com.br\/index.php\/wp-json\/wp\/v2\/comments?post=2728"}],"version-history":[{"count":0,"href":"https:\/\/www.portalalerta.com.br\/index.php\/wp-json\/wp\/v2\/posts\/2728\/revisions"}],"wp:featuredmedia":[{"embeddable":true,"href":"https:\/\/www.portalalerta.com.br\/index.php\/wp-json\/wp\/v2\/media\/2729"}],"wp:attachment":[{"href":"https:\/\/www.portalalerta.com.br\/index.php\/wp-json\/wp\/v2\/media?parent=2728"}],"wp:term":[{"taxonomy":"category","embeddable":true,"href":"https:\/\/www.portalalerta.com.br\/index.php\/wp-json\/wp\/v2\/categories?post=2728"},{"taxonomy":"post_tag","embeddable":true,"href":"https:\/\/www.portalalerta.com.br\/index.php\/wp-json\/wp\/v2\/tags?post=2728"}],"curies":[{"name":"wp","href":"https:\/\/api.w.org\/{rel}","templated":true}]}}