{"id":2746,"date":"2017-11-25T00:18:32","date_gmt":"2017-11-25T02:18:32","guid":{"rendered":"http:\/\/www.portalalerta.com.br\/?p=2746"},"modified":"2017-11-25T00:18:32","modified_gmt":"2017-11-25T02:18:32","slug":"carille-elogia-multifuncional-rene-junior-que-negocia-com-corinthians","status":"publish","type":"post","link":"https:\/\/www.portalalerta.com.br\/index.php\/2017\/11\/25\/carille-elogia-multifuncional-rene-junior-que-negocia-com-corinthians\/","title":{"rendered":"Carille elogia &#8216;multifuncional&#8217; Ren\u00ea J\u00fanior, que negocia com Corinthians"},"content":{"rendered":"<h2>T\u00e9cnico do Tim\u00e3o aponta volante do Bahia como mais um dos refor\u00e7os que se enquadram no que o clube pretende para 2018. Diretoria tem conversas adiantadas pelo jogador<\/h2>\n<p class=\"text\">olante de 28 anos, Ren\u00ea J\u00fanior \u00e9 mais um alvo do Corinthians para a temporada 2018. Em fim de contrato com o Bahia, para o qual est\u00e1 emprestado at\u00e9 o fim deste ano, o jogador agrada ao t\u00e9cnico F\u00e1bio Carille, que o observa faz tempo. Campe\u00e3o paulista e brasileiro pelo Tim\u00e3o este ano, o comandante elogiou o poss\u00edvel refor\u00e7o em entrevista exclusiva ao\u00a0<b>LANCE!\u00a0<\/b>concedida nesta sexta-feira e apontou a versatilidade como um dos motivos para t\u00ea-lo nos planos.<\/p>\n<div id=\"image_9a277d764f9356e51e14089266d1648302jum4dv\" class=\"expandedElement\">\n<figure><picture><source srcset=\"https:\/\/p2.trrsf.com\/image\/fget\/cf\/940\/0\/images.terra.com\/2017\/11\/24\/5850655289b27.jpeg\" media=\"(min-width:1280px)\" \/><source srcset=\"https:\/\/p2.trrsf.com\/image\/fget\/cf\/620\/0\/images.terra.com\/2017\/11\/24\/5850655289b27.jpeg\" media=\"(min-width:1024px)\" \/><source srcset=\"https:\/\/p2.trrsf.com\/image\/fget\/cf\/460\/0\/images.terra.com\/2017\/11\/24\/5850655289b27.jpeg\" media=\"(min-width:768px)\" \/><source srcset=\"https:\/\/p2.trrsf.com\/image\/fget\/cf\/320\/0\/images.terra.com\/2017\/11\/24\/5850655289b27.jpeg\" media=\"(min-width:300px)\" \/><img decoding=\"async\" class=\"alignleft\" title=\" Divulga\u00e7\u00e3o \/ LANCE!\" src=\"https:\/\/p2.trrsf.com\/image\/fget\/cf\/460\/0\/images.terra.com\/2017\/11\/24\/5850655289b27.jpeg\" alt=\"Ren\u00ea J\u00fanior em sua apresenta\u00e7\u00e3o no Bahia\" width=\"460\" \/><\/picture><figcaption>\n<div class=\"imageInfo\">\n<div class=\"lineSpacer\"><\/div>\n<div class=\"caption\">Ren\u00ea J\u00fanior em sua apresenta\u00e7\u00e3o no Bahia<\/div>\n<p><small class=\"copyright\">Foto: Divulga\u00e7\u00e3o \/ LANCE!<\/small><\/div>\n<\/figcaption><\/figure>\n<\/div>\n<p class=\"text\">&#8211; Eu j\u00e1 vi o Ren\u00ea jogar de tudo. \u00c9 uma necessidade? N\u00e3o. Mas qualifica o grupo? Sim. Se buscar 2012, pela Ponte, ele jogou aberto marcando o Edenilson naquele jogo que fomos desclassificados no Paulista. Ent\u00e3o ele joga como primeiro volante, mais adiantado, e se precisar faz uma fun\u00e7\u00e3o mais de lado tamb\u00e9m &#8211; afirmou Carille.<\/p>\n<p class=\"text\">&#8211; Na Ponte Preta, o Gilson Kleina armava de acordo com o advers\u00e1rio, e v\u00e1rias vezes o colocou mais \u00e0 frente, de lado, enfim&#8230; Ent\u00e3o al\u00e9m de jogar ali onde ele mais rende, pode fazer outras fun\u00e7\u00f5es &#8211; completou o treinador.<\/p>\n<p class=\"text\">A not\u00edcia da negocia\u00e7\u00e3o do Corinthians com Ren\u00ea J\u00fanior foi divulgada primeiramente pelo site do Globo Esporte. A diretoria conversa para fechar com o jogador por dois anos. As tratativas est\u00e3o avan\u00e7adas e, apesar de haver concorr\u00eancia, o destino mais poss\u00edvel para o jogador hoje \u00e9 o Tim\u00e3o.<\/p>\n<p class=\"text\">\u00c9 uma situa\u00e7\u00e3o muito semelhante \u00e0 do atacante J\u00fanior Dutra, do Ava\u00ed. Ele tamb\u00e9m fica sem contrato no fim do ano e conversa com o Corinthians para fechar um acordo de dois anos. Carille tamb\u00e9m j\u00e1 tem planos para ele, caso a negocia\u00e7\u00e3o seja concretizada.<\/p>\n<p class=\"text\">&#8211; Conhe\u00e7o o J\u00fanior Dutra desde o Santo Andr\u00e9. Gosto de observar esses jogadores que se destacaram aqui. Falando no 4-2-3-1, ele pode jogar nas quatro fun\u00e7\u00f5es da frente, tanto aberto quanto por dentro, na fun\u00e7\u00e3o de Rodriguinho, al\u00e9m de um falso 9. J\u00e1 o acompanho h\u00e1 muito tempo, vi ele jogar nessas fun\u00e7\u00f5es, e \u00e9 isso que eu busco, um cara que n\u00e3o faz s\u00f3 uma fun\u00e7\u00e3o &#8211; analisou Carille.<\/p>\n<p class=\"text\">J\u00e1 o interesse do Corinthians em outro jogador do Bahia est\u00e1 mais frio, de acordo com o t\u00e9cnico Carille. Ele confirmou o desejo em contar com o meia Z\u00e9 Rafael, mas admitiu que. neste caso, as negocia\u00e7\u00f5es s\u00e3o mais complicadas.<\/p>\n<p><img fetchpriority=\"high\" decoding=\"async\" class=\"wp-image-2747 aligncenter\" src=\"http:\/\/www.portalalerta.com.br\/wp-content\/uploads\/2017\/11\/58f5270a241b3.jpeg\" alt=\"\" width=\"621\" height=\"380\" srcset=\"https:\/\/www.portalalerta.com.br\/wp-content\/uploads\/2017\/11\/58f5270a241b3.jpeg 200w, https:\/\/www.portalalerta.com.br\/wp-content\/uploads\/2017\/11\/58f5270a241b3-50x31.jpeg 50w, https:\/\/www.portalalerta.com.br\/wp-content\/uploads\/2017\/11\/58f5270a241b3-123x75.jpeg 123w\" sizes=\"(max-width: 621px) 100vw, 621px\" \/><\/p>\n<p class=\"text\">&#8211; J\u00e1 acompanho desde o Londrina, sei quem \u00e9. \u00c9 um jogador de cumprir fun\u00e7\u00e3o, n\u00e3o \u00e9 tanto de fazer gols, faz lado, tem for\u00e7a, tem qualidade e termina as jogadas pelos fundos. Tamb\u00e9m \u00e9 um jogador que temos observado, mas se vai vir ou n\u00e3o \u00e9 uma coisa muito distante. Tem que ter investimento. Teve a renova\u00e7\u00e3o com o Bahia, ent\u00e3o acho mais dif\u00edcil pela situa\u00e7\u00e3o atual do clube &#8211; ponderou o t\u00e9cnico.<\/p>\n<p class=\"text\">Carille disse que espera a chegada de at\u00e9 seis refor\u00e7os para a temporada 2018, nenhum bomb\u00e1stico. O desejo do treinador \u00e9 encorpar ainda mais o elenco para a disputa da Copa Libertadores e o Campeonato Paulista no primeiro semestre. Al\u00e9m do volante e do atacante que est\u00e3o perto de serem contratados, h\u00e1 ainda a possibilidade de chegar o zagueiro Marllon, da Ponte Preta. Com a iminente sa\u00edda do lateral-esquerdo Guilherme Arana, a diretoria tamb\u00e9m deve sair em busca de um lateral-esquerdo.<\/p>\n","protected":false},"excerpt":{"rendered":"<p>T\u00e9cnico do Tim\u00e3o aponta volante do Bahia como mais um dos refor\u00e7os que se enquadram no que o clube pretende para 2018. Diretoria tem conversas adiantadas pelo jogador olante de 28 anos, Ren\u00ea J\u00fanior \u00e9 mais um alvo do Corinthians para a temporada 2018. Em fim de contrato com o Bahia, para o qual est\u00e1 &hellip;<\/p>\n","protected":false},"author":1,"featured_media":2748,"comment_status":"closed","ping_status":"open","sticky":false,"template":"","format":"standard","meta":{"om_disable_all_campaigns":false,"_monsterinsights_skip_tracking":false,"_monsterinsights_sitenote_active":false,"_monsterinsights_sitenote_note":"","_monsterinsights_sitenote_category":0,"footnotes":""},"categories":[2],"tags":[],"class_list":["post-2746","post","type-post","status-publish","format-standard","has-post-thumbnail","hentry","category-esportes"],"aioseo_notices":[],"_links":{"self":[{"href":"https:\/\/www.portalalerta.com.br\/index.php\/wp-json\/wp\/v2\/posts\/2746","targetHints":{"allow":["GET"]}}],"collection":[{"href":"https:\/\/www.portalalerta.com.br\/index.php\/wp-json\/wp\/v2\/posts"}],"about":[{"href":"https:\/\/www.portalalerta.com.br\/index.php\/wp-json\/wp\/v2\/types\/post"}],"author":[{"embeddable":true,"href":"https:\/\/www.portalalerta.com.br\/index.php\/wp-json\/wp\/v2\/users\/1"}],"replies":[{"embeddable":true,"href":"https:\/\/www.portalalerta.com.br\/index.php\/wp-json\/wp\/v2\/comments?post=2746"}],"version-history":[{"count":0,"href":"https:\/\/www.portalalerta.com.br\/index.php\/wp-json\/wp\/v2\/posts\/2746\/revisions"}],"wp:featuredmedia":[{"embeddable":true,"href":"https:\/\/www.portalalerta.com.br\/index.php\/wp-json\/wp\/v2\/media\/2748"}],"wp:attachment":[{"href":"https:\/\/www.portalalerta.com.br\/index.php\/wp-json\/wp\/v2\/media?parent=2746"}],"wp:term":[{"taxonomy":"category","embeddable":true,"href":"https:\/\/www.portalalerta.com.br\/index.php\/wp-json\/wp\/v2\/categories?post=2746"},{"taxonomy":"post_tag","embeddable":true,"href":"https:\/\/www.portalalerta.com.br\/index.php\/wp-json\/wp\/v2\/tags?post=2746"}],"curies":[{"name":"wp","href":"https:\/\/api.w.org\/{rel}","templated":true}]}}