{"id":2754,"date":"2017-11-25T00:29:48","date_gmt":"2017-11-25T02:29:48","guid":{"rendered":"http:\/\/www.portalalerta.com.br\/?p=2754"},"modified":"2017-11-25T00:30:38","modified_gmt":"2017-11-25T02:30:38","slug":"ibge-pardos-se-tornam-maioria-e-populacao-chega-a-2055-milhoes","status":"publish","type":"post","link":"https:\/\/www.portalalerta.com.br\/index.php\/2017\/11\/25\/ibge-pardos-se-tornam-maioria-e-populacao-chega-a-2055-milhoes\/","title":{"rendered":"IBGE: pardos se tornam maioria, e popula\u00e7\u00e3o chega a 205,5 milh\u00f5es"},"content":{"rendered":"<p>Participa\u00e7\u00e3o no total chegou a 46,7%, superando o total dos que se declaram brancos; popula\u00e7\u00e3o idosa avan\u00e7ou 1 milh\u00e3o em um ano.<\/p>\n<p>Desde 2007, as Pnads do IBGE v\u00eam mostrando que a soma da popula\u00e7\u00e3o identificada como de pele preta e parda supera aqueles que se consideram brancos.<\/p>\n<p>A\u00a0<strong>popula\u00e7\u00e3o<\/strong>\u00a0brasileira cresceu 3,4% entre 2012 e 2016, chegando a 205,5 milh\u00f5es de habitantes, segundo \u00a0dados da<strong>\u00a0Pesquisa Nacional por Amostra de Domic\u00edlios (Pnad)<\/strong>\u00a0Cont\u00ednua revelados nesta sexta-feira pelo Instituto Brasileiro de Geografia e Estat\u00edstica (<a href=\"http:\/\/veja.abril.com.br\/noticias-sobre\/ibge\/\"><strong>IBGE<\/strong><\/a>). O n\u00famero de pessoas que se declararam pardas subiu no per\u00edodo, de 45,3% para 46,7% do total, passando a ser a maioria no pa\u00eds.<\/p>\n<p>At\u00e9 2014, a maior parcela da popula\u00e7\u00e3o era branca. Segundo os dados da Pnad, a propor\u00e7\u00e3o de brancos passou de 46,6% para 44,2% no per\u00edodo. A parcela de pessoas que se declararam negras tamb\u00e9m cresceu, de 7,4% para 8,2% do total.<\/p>\n<p>A coordenadora da Pnad Cont\u00ednua, Maria L\u00facia Vieira, afirma que a tend\u00eancia do crescimento da popula\u00e7\u00e3o parda j\u00e1 vinha sendo detectada h\u00e1 algum tempo. \u201cO crescimento \u00e9 natural por causa da miscigena\u00e7\u00e3o do pa\u00eds, e a quest\u00e3o da afirma\u00e7\u00e3o da cor pode explicar o fen\u00f4meno tamb\u00e9m\u201d, disse\u00a0 a especialista a VEJA.<\/p>\n<p>Desde 2007, as Pnads do IBGE v\u00eam mostrando que a soma da popula\u00e7\u00e3o identificada como de pele preta e parda supera aqueles que se consideram brancos.<\/p>\n<h3>Envelhecimento<\/h3>\n<p>Al\u00e9m do aumento total, a popula\u00e7\u00e3o seguiu envelhecendo em 2016. Na passagem de 2015 para o ano passado, 1 milh\u00e3o de brasileiros entrou na faixa et\u00e1ria de 60 anos ou mais. Atualmente, eles s\u00e3o 14,4% dos 205,5 milh\u00f5es da popula\u00e7\u00e3o nacional estimada pela Pnad Cont\u00ednua. Em 2012, quando come\u00e7a a s\u00e9rie estat\u00edstica da pesquisa, essa faixa et\u00e1ria respondia por 12,8% da popula\u00e7\u00e3o.<\/p>\n<p>Em quatro anos, s\u00e3o 4 milh\u00f5es de brasileiros a mais na faixa acima de 60 anos, aumento de 16%. \u00c9 como se todos os habitantes do Esp\u00edrito Santo passassem a essa faixa, entre 2012 e 2016.<\/p>\n<p>Na outra ponta, o contingente populacional na faixa et\u00e1ria de zero a 9 anos encolheu 4,7%. S\u00e3o 1,3 milh\u00e3o de crian\u00e7as a menos nessa faixa. Com isso, o porcentual da popula\u00e7\u00e3o enquadrada nesses limites caiu de 14,1% em 2012 para 12,9% em 2016.<\/p>\n<h3><strong>Regi\u00f5es<\/strong><\/h3>\n<p>Regionalmente, o Norte \u00e9 onde a popula\u00e7\u00e3o \u00e9 mais jovem. L\u00e1, as pessoas com 60 anos ou mais representam 9,2% do total, comparado aos 17% da faixa et\u00e1ria de zero a 9 anos, conforme os dados de 2016. S\u00f3 que a regi\u00e3o Norte tem apenas 8,5% do total da popula\u00e7\u00e3o brasileira, com 17,427 milh\u00f5es de habitantes. O menor contingente populacional est\u00e1 no Centro-Oeste, com 15,545 milh\u00f5es de habitantes, ou 7,6% do total em 2016. A maior parte dos brasileiros (86,361 milh\u00f5es de pessoas) vive no Sudeste.<\/p>\n<h3><strong>Sexo<\/strong><\/h3>\n<p>Al\u00e9m disso, conforme os dados divulgados nesta sexta-feira pelo IBGE, as mulheres representavam 51,5% do total de 205,5 milh\u00f5es. Os homens respondiam por 48,5% do total. Segundo o IBGE, n\u00e3o foi verificada altera\u00e7\u00e3o nestas participa\u00e7\u00f5es entre 2012 e 2016.<\/p>\n<p><em>(Com Estad\u00e3o Conte\u00fado)<\/em><\/p>\n","protected":false},"excerpt":{"rendered":"<p>Participa\u00e7\u00e3o no total chegou a 46,7%, superando o total dos que se declaram brancos; popula\u00e7\u00e3o idosa avan\u00e7ou 1 milh\u00e3o em um ano. Desde 2007, as Pnads do IBGE v\u00eam mostrando que a soma da popula\u00e7\u00e3o identificada como de pele preta e parda supera aqueles que se consideram brancos. A\u00a0popula\u00e7\u00e3o\u00a0brasileira cresceu 3,4% entre 2012 e 2016, &hellip;<\/p>\n","protected":false},"author":1,"featured_media":2755,"comment_status":"closed","ping_status":"open","sticky":false,"template":"","format":"standard","meta":{"om_disable_all_campaigns":false,"_monsterinsights_skip_tracking":false,"_monsterinsights_sitenote_active":false,"_monsterinsights_sitenote_note":"","_monsterinsights_sitenote_category":0,"footnotes":""},"categories":[34],"tags":[],"class_list":["post-2754","post","type-post","status-publish","format-standard","has-post-thumbnail","hentry","category-brasil"],"aioseo_notices":[],"_links":{"self":[{"href":"https:\/\/www.portalalerta.com.br\/index.php\/wp-json\/wp\/v2\/posts\/2754","targetHints":{"allow":["GET"]}}],"collection":[{"href":"https:\/\/www.portalalerta.com.br\/index.php\/wp-json\/wp\/v2\/posts"}],"about":[{"href":"https:\/\/www.portalalerta.com.br\/index.php\/wp-json\/wp\/v2\/types\/post"}],"author":[{"embeddable":true,"href":"https:\/\/www.portalalerta.com.br\/index.php\/wp-json\/wp\/v2\/users\/1"}],"replies":[{"embeddable":true,"href":"https:\/\/www.portalalerta.com.br\/index.php\/wp-json\/wp\/v2\/comments?post=2754"}],"version-history":[{"count":0,"href":"https:\/\/www.portalalerta.com.br\/index.php\/wp-json\/wp\/v2\/posts\/2754\/revisions"}],"wp:featuredmedia":[{"embeddable":true,"href":"https:\/\/www.portalalerta.com.br\/index.php\/wp-json\/wp\/v2\/media\/2755"}],"wp:attachment":[{"href":"https:\/\/www.portalalerta.com.br\/index.php\/wp-json\/wp\/v2\/media?parent=2754"}],"wp:term":[{"taxonomy":"category","embeddable":true,"href":"https:\/\/www.portalalerta.com.br\/index.php\/wp-json\/wp\/v2\/categories?post=2754"},{"taxonomy":"post_tag","embeddable":true,"href":"https:\/\/www.portalalerta.com.br\/index.php\/wp-json\/wp\/v2\/tags?post=2754"}],"curies":[{"name":"wp","href":"https:\/\/api.w.org\/{rel}","templated":true}]}}