{"id":2757,"date":"2017-11-25T00:33:22","date_gmt":"2017-11-25T02:33:22","guid":{"rendered":"http:\/\/www.portalalerta.com.br\/?p=2757"},"modified":"2017-11-25T00:33:58","modified_gmt":"2017-11-25T02:33:58","slug":"vilarejo-na-suica-paga-r-82-mil-para-quem-for-morar-la","status":"publish","type":"post","link":"https:\/\/www.portalalerta.com.br\/index.php\/2017\/11\/25\/vilarejo-na-suica-paga-r-82-mil-para-quem-for-morar-la\/","title":{"rendered":"Vilarejo na Su\u00ed\u00e7a paga R$ 82 mil para quem for morar l\u00e1"},"content":{"rendered":"<p>Cansado de tanta viol\u00eancia e corrup\u00e7\u00e3o aqui no Brasil? Que tal se mudar para a Su\u00ed\u00e7a? Pode parecer surreal, mas uma cidadezinha planeja pagar 25 mil francos su\u00ed\u00e7os (cerca de R$ 82,5 mil) para quem se mudar para l\u00e1.<\/p>\n<p>A proposta ser\u00e1 votada na pr\u00f3xima quinta-feira (30) pelo conselho de Albinen, um vilarejo de 240 moradores. O objetivo \u00e9 evitar que a comunidade suma do mapa.<\/p>\n<p>Localizada na regi\u00e3o de Valais, a 1.300 metros de altitude, Albinen v\u00ea nos \u00faltimos anos o \u00eaxodo de moradores.<\/p>\n<p>Mas ser\u00e1 preciso ter alguns pr\u00e9-requisitos para se mudar de mala e cuia para Albinen. Um deles \u00e9 ter menos de 45 anos e permanecer pelo menos dez anos na cidade e comprar uma casa com valor m\u00ednimo de 200 mil francos su\u00ed\u00e7os (cerca de R$ 659 mil).<\/p>\n<p>Se a pessoa for casada e tiver filhos a ajuda de custo pode chegar a 55 mil francos su\u00ed\u00e7os (R$ 312 mil) \u2013 para uma fam\u00edlia de quatros pessoas.<\/p>\n<p>O vilarejo estima que, na melhor das hip\u00f3teses, a oferta vai atrair 10 adultos, com 16 crian\u00e7as,<\/p>\n<p>Segundo o informativo divulgado aos moradores, a estimativa \u00e9 de que a proposta atraia 26 pessoas \u201310 adultos e 16 crian\u00e7as.<\/p>\n<p><em>Fonte: The Telegraph<\/em><\/p>\n","protected":false},"excerpt":{"rendered":"<p>Cansado de tanta viol\u00eancia e corrup\u00e7\u00e3o aqui no Brasil? Que tal se mudar para a Su\u00ed\u00e7a? Pode parecer surreal, mas uma cidadezinha planeja pagar 25 mil francos su\u00ed\u00e7os (cerca de R$ 82,5 mil) para quem se mudar para l\u00e1. A proposta ser\u00e1 votada na pr\u00f3xima quinta-feira (30) pelo conselho de Albinen, um vilarejo de 240 &hellip;<\/p>\n","protected":false},"author":1,"featured_media":2758,"comment_status":"closed","ping_status":"open","sticky":false,"template":"","format":"standard","meta":{"om_disable_all_campaigns":false,"_monsterinsights_skip_tracking":false,"_monsterinsights_sitenote_active":false,"_monsterinsights_sitenote_note":"","_monsterinsights_sitenote_category":0,"footnotes":""},"categories":[35],"tags":[],"class_list":["post-2757","post","type-post","status-publish","format-standard","has-post-thumbnail","hentry","category-mundo"],"aioseo_notices":[],"_links":{"self":[{"href":"https:\/\/www.portalalerta.com.br\/index.php\/wp-json\/wp\/v2\/posts\/2757","targetHints":{"allow":["GET"]}}],"collection":[{"href":"https:\/\/www.portalalerta.com.br\/index.php\/wp-json\/wp\/v2\/posts"}],"about":[{"href":"https:\/\/www.portalalerta.com.br\/index.php\/wp-json\/wp\/v2\/types\/post"}],"author":[{"embeddable":true,"href":"https:\/\/www.portalalerta.com.br\/index.php\/wp-json\/wp\/v2\/users\/1"}],"replies":[{"embeddable":true,"href":"https:\/\/www.portalalerta.com.br\/index.php\/wp-json\/wp\/v2\/comments?post=2757"}],"version-history":[{"count":0,"href":"https:\/\/www.portalalerta.com.br\/index.php\/wp-json\/wp\/v2\/posts\/2757\/revisions"}],"wp:featuredmedia":[{"embeddable":true,"href":"https:\/\/www.portalalerta.com.br\/index.php\/wp-json\/wp\/v2\/media\/2758"}],"wp:attachment":[{"href":"https:\/\/www.portalalerta.com.br\/index.php\/wp-json\/wp\/v2\/media?parent=2757"}],"wp:term":[{"taxonomy":"category","embeddable":true,"href":"https:\/\/www.portalalerta.com.br\/index.php\/wp-json\/wp\/v2\/categories?post=2757"},{"taxonomy":"post_tag","embeddable":true,"href":"https:\/\/www.portalalerta.com.br\/index.php\/wp-json\/wp\/v2\/tags?post=2757"}],"curies":[{"name":"wp","href":"https:\/\/api.w.org\/{rel}","templated":true}]}}