{"id":2763,"date":"2017-11-25T00:38:25","date_gmt":"2017-11-25T02:38:25","guid":{"rendered":"http:\/\/www.portalalerta.com.br\/?p=2763"},"modified":"2017-11-25T00:38:25","modified_gmt":"2017-11-25T02:38:25","slug":"lider-supremo-do-ira-e-o-novo-hitler-diz-principe-saudita","status":"publish","type":"post","link":"https:\/\/www.portalalerta.com.br\/index.php\/2017\/11\/25\/lider-supremo-do-ira-e-o-novo-hitler-diz-principe-saudita\/","title":{"rendered":"L\u00edder supremo do Ir\u00e3 \u00e9 o \u2018novo Hitler\u2019, diz pr\u00edncipe saudita"},"content":{"rendered":"<p>O pr\u00edncipe herdeiro da\u00a0<strong>Ar\u00e1bia Saudita<\/strong>,\u00a0<strong>Mohamed bin Salman<\/strong>, afirmou que o l\u00edder supremo iraniano \u00e9 como um \u201cnovo Hitler\u201d em entrevista concedida ao jornal\u00a0<strong><em>The New York Times<\/em><\/strong>.<\/p>\n<p>\u201cN\u00e3o queremos que o novo Hitler no\u00a0<strong>Ir\u00e3<\/strong>\u00a0reproduza no Oriente M\u00e9dio o que aconteceu na Europa\u201d, disse bin Salman sobre o aiatol\u00e1\u00a0<strong>Ali Khamenei<\/strong>, na entrevista publicada na quinta-feira.<\/p>\n<div class=\"teads-inread\">\n<div class=\"teads-ui-components-label\">Indicando que a tens\u00e3o entre a Ar\u00e1bia Saudita e o Ir\u00e3 n\u00e3o v\u00e3o desaparecer em curto prazo, o pr\u00edncipe herdeiro acrescentou: \u201caprendemos (com o que aconteceu) na Europa (na \u00e9poca de Hitler), que a pol\u00edtica de apaziguamento n\u00e3o funciona\u201d. No final dos anos 1930, Gr\u00e3-Bretanha e Fran\u00e7a aceitaram algumas das exig\u00eancias expansionistas da Alemanha nazista com o objetivo, que demonstrou ser err\u00f4neo, de evitar a guerra.<\/div>\n<\/div>\n<div><\/div>\n<div><em>Fonte:\u00a0veja.abril.com.br<\/em><\/div>\n","protected":false},"excerpt":{"rendered":"<p>O pr\u00edncipe herdeiro da\u00a0Ar\u00e1bia Saudita,\u00a0Mohamed bin Salman, afirmou que o l\u00edder supremo iraniano \u00e9 como um \u201cnovo Hitler\u201d em entrevista concedida ao jornal\u00a0The New York Times. \u201cN\u00e3o queremos que o novo Hitler no\u00a0Ir\u00e3\u00a0reproduza no Oriente M\u00e9dio o que aconteceu na Europa\u201d, disse bin Salman sobre o aiatol\u00e1\u00a0Ali Khamenei, na entrevista publicada na quinta-feira. Indicando que &hellip;<\/p>\n","protected":false},"author":1,"featured_media":2764,"comment_status":"closed","ping_status":"open","sticky":false,"template":"","format":"standard","meta":{"om_disable_all_campaigns":false,"_monsterinsights_skip_tracking":false,"_monsterinsights_sitenote_active":false,"_monsterinsights_sitenote_note":"","_monsterinsights_sitenote_category":0,"footnotes":""},"categories":[35],"tags":[],"class_list":["post-2763","post","type-post","status-publish","format-standard","has-post-thumbnail","hentry","category-mundo"],"aioseo_notices":[],"_links":{"self":[{"href":"https:\/\/www.portalalerta.com.br\/index.php\/wp-json\/wp\/v2\/posts\/2763","targetHints":{"allow":["GET"]}}],"collection":[{"href":"https:\/\/www.portalalerta.com.br\/index.php\/wp-json\/wp\/v2\/posts"}],"about":[{"href":"https:\/\/www.portalalerta.com.br\/index.php\/wp-json\/wp\/v2\/types\/post"}],"author":[{"embeddable":true,"href":"https:\/\/www.portalalerta.com.br\/index.php\/wp-json\/wp\/v2\/users\/1"}],"replies":[{"embeddable":true,"href":"https:\/\/www.portalalerta.com.br\/index.php\/wp-json\/wp\/v2\/comments?post=2763"}],"version-history":[{"count":0,"href":"https:\/\/www.portalalerta.com.br\/index.php\/wp-json\/wp\/v2\/posts\/2763\/revisions"}],"wp:featuredmedia":[{"embeddable":true,"href":"https:\/\/www.portalalerta.com.br\/index.php\/wp-json\/wp\/v2\/media\/2764"}],"wp:attachment":[{"href":"https:\/\/www.portalalerta.com.br\/index.php\/wp-json\/wp\/v2\/media?parent=2763"}],"wp:term":[{"taxonomy":"category","embeddable":true,"href":"https:\/\/www.portalalerta.com.br\/index.php\/wp-json\/wp\/v2\/categories?post=2763"},{"taxonomy":"post_tag","embeddable":true,"href":"https:\/\/www.portalalerta.com.br\/index.php\/wp-json\/wp\/v2\/tags?post=2763"}],"curies":[{"name":"wp","href":"https:\/\/api.w.org\/{rel}","templated":true}]}}