{"id":27633,"date":"2020-07-25T20:42:37","date_gmt":"2020-07-25T23:42:37","guid":{"rendered":"https:\/\/www.portalalerta.com.br\/?p=27633"},"modified":"2020-07-25T20:42:37","modified_gmt":"2020-07-25T23:42:37","slug":"idoso-de-89-anos-e-a-sexta-vitima-fatal-da-covid-19-em-ribeira-do-pombal-ba","status":"publish","type":"post","link":"https:\/\/www.portalalerta.com.br\/index.php\/2020\/07\/25\/idoso-de-89-anos-e-a-sexta-vitima-fatal-da-covid-19-em-ribeira-do-pombal-ba\/","title":{"rendered":"Idoso de 89 anos \u00e9 a sexta v\u00edtima fatal da Covid-19 em Ribeira do Pombal-BA"},"content":{"rendered":"<p style=\"text-align: justify;\">O munic\u00edpio de Ribeira do Pombal-BA encerrou a 14\u00aa semana de pandemia, com o an\u00fancio de mais sete casos confirmados de Covid-19 (Coronav\u00edrus), totalizando em 54 somente nesta semana, um caso a mais que no per\u00edodo anterior. Tamb\u00e9m nesta semana foram contabilizadas 50 curas, e 02 mortes.<!--more--><\/p>\n<p style=\"text-align: justify;\">O \u00faltimo \u00f3bito foi divulgado pela Secretaria Municipal de Sa\u00fade, neste s\u00e1bado, 25. Trata-se de um idoso de 89 anos de idade, hipertenso, que deu entrada na Emerg\u00eancia do Hospital Geral Santa Tereza apresentando desconforto respirat\u00f3rio, sendo submetido imediatamente ao exame RT-PCR, al\u00e9m de ter sido regulado para uma Unidade Refer\u00eancia na capital Baiana, n\u00e3o resistindo e evoluindo a \u00f3bito na sexta-feira, 24. O resultado do exame confirmando \u00e0 suspeita inicial foi divulgado somente neste s\u00e1bado.<\/p>\n<p style=\"text-align: justify;\"><img fetchpriority=\"high\" decoding=\"async\" class=\"size-thumbnail wp-image-4869 aligncenter\" src=\"https:\/\/www.portalalerta.com.br\/wp-content\/uploads\/2018\/02\/Auto-Escola-Nobre-720x181.jpg\" alt=\"\" width=\"720\" height=\"181\" srcset=\"https:\/\/www.portalalerta.com.br\/wp-content\/uploads\/2018\/02\/Auto-Escola-Nobre.jpg 720w, https:\/\/www.portalalerta.com.br\/wp-content\/uploads\/2018\/02\/Auto-Escola-Nobre-260x65.jpg 260w, https:\/\/www.portalalerta.com.br\/wp-content\/uploads\/2018\/02\/Auto-Escola-Nobre-50x13.jpg 50w, https:\/\/www.portalalerta.com.br\/wp-content\/uploads\/2018\/02\/Auto-Escola-Nobre-150x38.jpg 150w\" sizes=\"(max-width: 720px) 100vw, 720px\" \/>Al\u00e9m do idoso em quest\u00e3o, os novos casos se referem a uma mulher de 33 anos de idade que est\u00e1 internada numa Unidade de Refer\u00eancia em Salvador, e quatro pessoas contactantes de pacientes intra domiciliares de casos diagnosticados no munic\u00edpio em per\u00edodos anteriores.<\/p>\n<p style=\"text-align: justify;\">Desta forma, Ribeira do Pombal j\u00e1 registrou 332 casos, sendo 58 ativos (17%), 268 curas (81%), e 06 \u00f3bitos (2%).<\/p>\n<p style=\"text-align: justify;\"><a href=\"https:\/\/www.portalalerta.com.br\/index.php\/2020\/05\/26\/saiba-como-esta-a-evolucao-do-covid-19-em-ribeira-do-pombal-ba\/\"><strong style=\"font-style: inherit;\">Clique aqui e saiba como est\u00e1 a evolu\u00e7\u00e3o do Covid-19 em Ribeira do Pombal-BA<\/strong><\/a><\/p>\n<p style=\"text-align: justify;\"><em style=\"font-weight: inherit;\">Reda\u00e7\u00e3o: Portal Alerta<\/em><\/p>\n<p style=\"text-align: justify;\"><strong style=\"font-style: inherit;\"><em>#fiqueemcasa\u00a0\u00a0\u00a0\u00a0<\/em><\/strong><\/p>\n<p style=\"text-align: justify;\"><strong style=\"font-style: inherit;\"><em>#usemascaras<\/em><\/strong><\/p>\n","protected":false},"excerpt":{"rendered":"<p>O munic\u00edpio de Ribeira do Pombal-BA encerrou a 14\u00aa semana de pandemia, com o an\u00fancio de mais sete casos confirmados de Covid-19 (Coronav\u00edrus), totalizando em 54 somente nesta semana, um caso a mais que no per\u00edodo anterior. Tamb\u00e9m nesta semana foram contabilizadas 50 curas, e 02 mortes.<\/p>\n","protected":false},"author":2,"featured_media":25360,"comment_status":"open","ping_status":"open","sticky":false,"template":"","format":"standard","meta":{"om_disable_all_campaigns":false,"_monsterinsights_skip_tracking":false,"_monsterinsights_sitenote_active":false,"_monsterinsights_sitenote_note":"","_monsterinsights_sitenote_category":0,"footnotes":""},"categories":[70,69,32,3,19],"tags":[3429,3486,3771,3724,169,47,61],"class_list":["post-27633","post","type-post","status-publish","format-standard","has-post-thumbnail","hentry","category-destaques","category-noticias2","category-regiao","category-ribeira-do-pombal","category-saude","tag-coronavirus","tag-covid-19","tag-curas","tag-infeccao","tag-morte","tag-ribeira-do-pombal","tag-saude"],"aioseo_notices":[],"_links":{"self":[{"href":"https:\/\/www.portalalerta.com.br\/index.php\/wp-json\/wp\/v2\/posts\/27633","targetHints":{"allow":["GET"]}}],"collection":[{"href":"https:\/\/www.portalalerta.com.br\/index.php\/wp-json\/wp\/v2\/posts"}],"about":[{"href":"https:\/\/www.portalalerta.com.br\/index.php\/wp-json\/wp\/v2\/types\/post"}],"author":[{"embeddable":true,"href":"https:\/\/www.portalalerta.com.br\/index.php\/wp-json\/wp\/v2\/users\/2"}],"replies":[{"embeddable":true,"href":"https:\/\/www.portalalerta.com.br\/index.php\/wp-json\/wp\/v2\/comments?post=27633"}],"version-history":[{"count":1,"href":"https:\/\/www.portalalerta.com.br\/index.php\/wp-json\/wp\/v2\/posts\/27633\/revisions"}],"predecessor-version":[{"id":27634,"href":"https:\/\/www.portalalerta.com.br\/index.php\/wp-json\/wp\/v2\/posts\/27633\/revisions\/27634"}],"wp:featuredmedia":[{"embeddable":true,"href":"https:\/\/www.portalalerta.com.br\/index.php\/wp-json\/wp\/v2\/media\/25360"}],"wp:attachment":[{"href":"https:\/\/www.portalalerta.com.br\/index.php\/wp-json\/wp\/v2\/media?parent=27633"}],"wp:term":[{"taxonomy":"category","embeddable":true,"href":"https:\/\/www.portalalerta.com.br\/index.php\/wp-json\/wp\/v2\/categories?post=27633"},{"taxonomy":"post_tag","embeddable":true,"href":"https:\/\/www.portalalerta.com.br\/index.php\/wp-json\/wp\/v2\/tags?post=27633"}],"curies":[{"name":"wp","href":"https:\/\/api.w.org\/{rel}","templated":true}]}}