{"id":27639,"date":"2020-07-26T11:33:31","date_gmt":"2020-07-26T14:33:31","guid":{"rendered":"https:\/\/www.portalalerta.com.br\/?p=27639"},"modified":"2020-07-26T11:33:31","modified_gmt":"2020-07-26T14:33:31","slug":"presidente-do-banco-do-brasil-rubem-novaes-entrega-pedido-de-renuncia-a-guedes-e-bolsonaro","status":"publish","type":"post","link":"https:\/\/www.portalalerta.com.br\/index.php\/2020\/07\/26\/presidente-do-banco-do-brasil-rubem-novaes-entrega-pedido-de-renuncia-a-guedes-e-bolsonaro\/","title":{"rendered":"Presidente do Banco do Brasil, Rubem Novaes entrega pedido de ren\u00fancia a Guedes e Bolsonaro"},"content":{"rendered":"<p style=\"text-align: justify;\">O presidente do Banco do Brasil, Rubem Novaes, entregou seu pedido de demiss\u00e3o ao presidente Jair Bolsonaro e ao ministro da Economia, Paulo Guedes, de acordo com o jornal Estado de S. Paulo.\u00a0<!--more--><\/p>\n<p style=\"text-align: justify;\">\u201cEm conformidade com o \u00a7 4\u00ba do art. 157 da Lei n\u00ba 6.404, de 15 de dezembro de 1976, e com a Instru\u00e7\u00e3o CVM n\u00ba 358, de 03 de janeiro de 2002, o Banco do Brasil (BB) comunica que o Sr. Rubem de Freitas Novaes entregou ao Exmo. Sr. Presidente da Rep\u00fablica, Jair Messias Bolsonaro e ao Exmo. Ministro da Economia, Paulo Roberto Nunes Guedes, pedido de ren\u00fancia ao cargo de presidente do BB, com efeitos a partir de agosto, em data a ser definida e oportunamente comunicada ao mercado, entendendo que a Companhia precisa de renova\u00e7\u00e3o para enfrentar os momentos futuros de muitas inova\u00e7\u00f5es no sistema banc\u00e1rio\u201d, diz o comunicado.<\/p>\n<div data-mvc-banner=\"leaderboard\"><\/div>\n<p><script type=\"text\/javascript\"> (function(storeName) { var b = document.createElement('script'); b.type = 'text\/javascript'; b.async = true; b.src = 'https:\/\/www.magazinevoce.com.br\/js\/banner.js?store='+ storeName; var s = document.getElementsByTagName('script')[0]; s.parentNode.insertBefore(b, s); })('Nvscosta'); <\/script><\/p>\n<p>O fato relevante do banco tamb\u00e9m diz que Bolsonaro j\u00e1 aceitou o pedido de Rubens e que deve indicar outro nome para comandar o banco p\u00fablico.<\/p>\n<p style=\"text-align: justify;\">Na reuni\u00e3o do dia 22 de abril, Guedes criticou a atua\u00e7\u00e3o de Novaes \u00e0 frente do BB. Ele disse que o governo &#8220;faz o que quer&#8221; com a Caixa Econ\u00f4mica Federal e o BNDES, mas no BB &#8220;n\u00e3o consegue fazer nada&#8221;, mesmo tendo um &#8220;liberal l\u00e1&#8221;, em refer\u00eancia a Novas, que estava no encontro. &#8220;Tem que vender essa porra logo&#8221;, disse Guedes.<\/p>\n<p style=\"text-align: justify;\"><em>Fonte: Metro1<\/em><\/p>\n","protected":false},"excerpt":{"rendered":"<p>O presidente do Banco do Brasil, Rubem Novaes, entregou seu pedido de demiss\u00e3o ao presidente Jair Bolsonaro e ao ministro da Economia, Paulo Guedes, de acordo com o jornal Estado de S. Paulo.\u00a0<\/p>\n","protected":false},"author":2,"featured_media":27640,"comment_status":"open","ping_status":"open","sticky":false,"template":"","format":"standard","meta":{"om_disable_all_campaigns":false,"_monsterinsights_skip_tracking":false,"_monsterinsights_sitenote_active":false,"_monsterinsights_sitenote_note":"","_monsterinsights_sitenote_category":0,"footnotes":""},"categories":[34,70,69,21],"tags":[632,93,616,94],"class_list":["post-27639","post","type-post","status-publish","format-standard","has-post-thumbnail","hentry","category-brasil","category-destaques","category-noticias2","category-politica","tag-banco-do-brasil","tag-brasil","tag-demissao","tag-presidente"],"aioseo_notices":[],"_links":{"self":[{"href":"https:\/\/www.portalalerta.com.br\/index.php\/wp-json\/wp\/v2\/posts\/27639","targetHints":{"allow":["GET"]}}],"collection":[{"href":"https:\/\/www.portalalerta.com.br\/index.php\/wp-json\/wp\/v2\/posts"}],"about":[{"href":"https:\/\/www.portalalerta.com.br\/index.php\/wp-json\/wp\/v2\/types\/post"}],"author":[{"embeddable":true,"href":"https:\/\/www.portalalerta.com.br\/index.php\/wp-json\/wp\/v2\/users\/2"}],"replies":[{"embeddable":true,"href":"https:\/\/www.portalalerta.com.br\/index.php\/wp-json\/wp\/v2\/comments?post=27639"}],"version-history":[{"count":1,"href":"https:\/\/www.portalalerta.com.br\/index.php\/wp-json\/wp\/v2\/posts\/27639\/revisions"}],"predecessor-version":[{"id":27641,"href":"https:\/\/www.portalalerta.com.br\/index.php\/wp-json\/wp\/v2\/posts\/27639\/revisions\/27641"}],"wp:featuredmedia":[{"embeddable":true,"href":"https:\/\/www.portalalerta.com.br\/index.php\/wp-json\/wp\/v2\/media\/27640"}],"wp:attachment":[{"href":"https:\/\/www.portalalerta.com.br\/index.php\/wp-json\/wp\/v2\/media?parent=27639"}],"wp:term":[{"taxonomy":"category","embeddable":true,"href":"https:\/\/www.portalalerta.com.br\/index.php\/wp-json\/wp\/v2\/categories?post=27639"},{"taxonomy":"post_tag","embeddable":true,"href":"https:\/\/www.portalalerta.com.br\/index.php\/wp-json\/wp\/v2\/tags?post=27639"}],"curies":[{"name":"wp","href":"https:\/\/api.w.org\/{rel}","templated":true}]}}