{"id":27645,"date":"2020-07-26T11:52:25","date_gmt":"2020-07-26T14:52:25","guid":{"rendered":"https:\/\/www.portalalerta.com.br\/?p=27645"},"modified":"2020-07-26T11:52:25","modified_gmt":"2020-07-26T14:52:25","slug":"coronavirus-rio-cancela-reveillon-em-copacabana","status":"publish","type":"post","link":"https:\/\/www.portalalerta.com.br\/index.php\/2020\/07\/26\/coronavirus-rio-cancela-reveillon-em-copacabana\/","title":{"rendered":"Coronav\u00edrus: Rio cancela R\u00e9veillon em Copacabana"},"content":{"rendered":"<p style=\"text-align: justify;\">A Prefeitura do Rio de Janeiro anunciou neste s\u00e1bado (25) o cancelamento do R\u00e9veillon em Copacabana, festa de Ano-Novo mais tradicional do Brasil, em fun\u00e7\u00e3o do\u00a0novo coronav\u00edrus. A informa\u00e7\u00e3o foi divulgada pela Riotur, empresa de turismo da cidade.<!--more--><\/p>\n<p style=\"text-align: justify;\">Segundo a Prefeitura do Rio, a celebra\u00e7\u00e3o \u201cn\u00e3o \u00e9 vi\u00e1vel neste cen\u00e1rio de pandemia, sem a exist\u00eancia de uma vacina\u201d.<\/p>\n<p style=\"text-align: justify;\">A Secretaria de Sa\u00fade registrou em todo estado 12.654 mortes por Covid-19, sendo 119 nas \u00faltimas 24 horas, e 154.879 casos confirmados de coronav\u00edrus.<\/p>\n<p style=\"text-align: justify;\"><img fetchpriority=\"high\" decoding=\"async\" class=\"size-thumbnail wp-image-4869 aligncenter\" src=\"https:\/\/www.portalalerta.com.br\/wp-content\/uploads\/2018\/02\/Auto-Escola-Nobre-720x181.jpg\" alt=\"\" width=\"720\" height=\"181\" srcset=\"https:\/\/www.portalalerta.com.br\/wp-content\/uploads\/2018\/02\/Auto-Escola-Nobre.jpg 720w, https:\/\/www.portalalerta.com.br\/wp-content\/uploads\/2018\/02\/Auto-Escola-Nobre-260x65.jpg 260w, https:\/\/www.portalalerta.com.br\/wp-content\/uploads\/2018\/02\/Auto-Escola-Nobre-50x13.jpg 50w, https:\/\/www.portalalerta.com.br\/wp-content\/uploads\/2018\/02\/Auto-Escola-Nobre-150x38.jpg 150w\" sizes=\"(max-width: 720px) 100vw, 720px\" \/>A Riotur informou que uma nova proposta para comemorar a virada de ano ser\u00e1 apresentada \u201cnos pr\u00f3ximos dias\u201d ao prefeito Marcelo Crivella.<\/p>\n<p style=\"text-align: justify;\">Em S\u00e3o Paulo, o R\u00e9veillon na Avenida Paulista tamb\u00e9m foi cancelado pelo prefeito Bruno Covas.<\/p>\n<p style=\"text-align: justify;\">A queima de fogos em Copacabana no primeiro dia de 2020 reuniu 2,9 milh\u00f5es de pessoas na orla da praia carioca.<\/p>\n<p style=\"text-align: justify;\"><em>Fonte: Yahoo Not\u00edcias<\/em><\/p>\n","protected":false},"excerpt":{"rendered":"<p>A Prefeitura do Rio de Janeiro anunciou neste s\u00e1bado (25) o cancelamento do R\u00e9veillon em Copacabana, festa de Ano-Novo mais tradicional do Brasil, em fun\u00e7\u00e3o do\u00a0novo coronav\u00edrus. A informa\u00e7\u00e3o foi divulgada pela Riotur, empresa de turismo da cidade.<\/p>\n","protected":false},"author":2,"featured_media":27646,"comment_status":"open","ping_status":"open","sticky":false,"template":"","format":"standard","meta":{"om_disable_all_campaigns":false,"_monsterinsights_skip_tracking":false,"_monsterinsights_sitenote_active":false,"_monsterinsights_sitenote_note":"","_monsterinsights_sitenote_category":0,"footnotes":""},"categories":[34,70,69,19],"tags":[93,3429,3486,3816,300],"class_list":["post-27645","post","type-post","status-publish","format-standard","has-post-thumbnail","hentry","category-brasil","category-destaques","category-noticias2","category-saude","tag-brasil","tag-coronavirus","tag-covid-19","tag-reveillon","tag-rio-de-janeiro"],"aioseo_notices":[],"_links":{"self":[{"href":"https:\/\/www.portalalerta.com.br\/index.php\/wp-json\/wp\/v2\/posts\/27645","targetHints":{"allow":["GET"]}}],"collection":[{"href":"https:\/\/www.portalalerta.com.br\/index.php\/wp-json\/wp\/v2\/posts"}],"about":[{"href":"https:\/\/www.portalalerta.com.br\/index.php\/wp-json\/wp\/v2\/types\/post"}],"author":[{"embeddable":true,"href":"https:\/\/www.portalalerta.com.br\/index.php\/wp-json\/wp\/v2\/users\/2"}],"replies":[{"embeddable":true,"href":"https:\/\/www.portalalerta.com.br\/index.php\/wp-json\/wp\/v2\/comments?post=27645"}],"version-history":[{"count":1,"href":"https:\/\/www.portalalerta.com.br\/index.php\/wp-json\/wp\/v2\/posts\/27645\/revisions"}],"predecessor-version":[{"id":27647,"href":"https:\/\/www.portalalerta.com.br\/index.php\/wp-json\/wp\/v2\/posts\/27645\/revisions\/27647"}],"wp:featuredmedia":[{"embeddable":true,"href":"https:\/\/www.portalalerta.com.br\/index.php\/wp-json\/wp\/v2\/media\/27646"}],"wp:attachment":[{"href":"https:\/\/www.portalalerta.com.br\/index.php\/wp-json\/wp\/v2\/media?parent=27645"}],"wp:term":[{"taxonomy":"category","embeddable":true,"href":"https:\/\/www.portalalerta.com.br\/index.php\/wp-json\/wp\/v2\/categories?post=27645"},{"taxonomy":"post_tag","embeddable":true,"href":"https:\/\/www.portalalerta.com.br\/index.php\/wp-json\/wp\/v2\/tags?post=27645"}],"curies":[{"name":"wp","href":"https:\/\/api.w.org\/{rel}","templated":true}]}}