{"id":27648,"date":"2020-07-26T12:04:41","date_gmt":"2020-07-26T15:04:41","guid":{"rendered":"https:\/\/www.portalalerta.com.br\/?p=27648"},"modified":"2020-07-26T12:04:41","modified_gmt":"2020-07-26T15:04:41","slug":"homem-e-vitima-de-tentativa-de-homicidio-em-ribeira-do-pombal-ba","status":"publish","type":"post","link":"https:\/\/www.portalalerta.com.br\/index.php\/2020\/07\/26\/homem-e-vitima-de-tentativa-de-homicidio-em-ribeira-do-pombal-ba\/","title":{"rendered":"Homem \u00e9 v\u00edtima de tentativa de homic\u00eddio em Ribeira do Pombal-BA"},"content":{"rendered":"<p style=\"text-align: justify;\">Um homem deu entrada na Emerg\u00eancia do Hospital Geral Santa Tereza, em Ribeira do Pombal-BA v\u00edtima de tentativa de homic\u00eddio.<!--more--><\/p>\n<p style=\"text-align: justify;\"><img fetchpriority=\"high\" decoding=\"async\" class=\"size-thumbnail wp-image-26974 alignleft\" src=\"https:\/\/www.portalalerta.com.br\/wp-content\/uploads\/2020\/07\/Carn\u00ea-Premiado-Real-300x240.jpg\" alt=\"\" width=\"300\" height=\"240\" \/>De acordo com informa\u00e7\u00f5es, o fato teria acontecido num bar situado na Fazenda Antas, no referido munic\u00edpio, local onde a v\u00edtima fazia uso de bebida alco\u00f3lica, quando o criminoso identificado como \u201cirm\u00e3o de Caboclo\u201d teria efetuado disparos de arma de fogo na dire\u00e7\u00e3o da v\u00edtima, que foi atingida por um dos disparos.<\/p>\n<p style=\"text-align: justify;\">Com um proj\u00e9til alojado no corpo, o homem foi socorrido para o Hospital em quest\u00e3o, onde n\u00e3o teve o seu quadro cl\u00ednico divulgado.<\/p>\n<p style=\"text-align: justify;\">Policias militares foram informados do crime, e se dirigiram at\u00e9 a Unidade Hospitalar, onde instru\u00edram a v\u00edtima a registrar ocorr\u00eancia na Delegacia de Pol\u00edcia Civil da cidade. Quanto ao autor dos disparos, n\u00e3o foi encontrado.<\/p>\n<p style=\"text-align: justify;\"><em>Reda\u00e7\u00e3o: Portal Alerta<\/em><\/p>\n<p style=\"text-align: justify;\"><strong><em>#fiqueemcasa<\/em><\/strong><\/p>\n<p style=\"text-align: justify;\"><strong><em>#usemascaras \u00a0<\/em><\/strong><\/p>\n","protected":false},"excerpt":{"rendered":"<p>Um homem deu entrada na Emerg\u00eancia do Hospital Geral Santa Tereza, em Ribeira do Pombal-BA v\u00edtima de tentativa de homic\u00eddio.<\/p>\n","protected":false},"author":2,"featured_media":3236,"comment_status":"open","ping_status":"open","sticky":false,"template":"","format":"standard","meta":{"om_disable_all_campaigns":false,"_monsterinsights_skip_tracking":false,"_monsterinsights_sitenote_active":false,"_monsterinsights_sitenote_note":"","_monsterinsights_sitenote_category":0,"footnotes":""},"categories":[70,69,32,3,22],"tags":[375,299,47,105],"class_list":["post-27648","post","type-post","status-publish","format-standard","has-post-thumbnail","hentry","category-destaques","category-noticias2","category-regiao","category-ribeira-do-pombal","category-seguranca","tag-disparos-de-arma-de-fogo","tag-ferido","tag-ribeira-do-pombal","tag-tentativa-de-homicidio"],"aioseo_notices":[],"_links":{"self":[{"href":"https:\/\/www.portalalerta.com.br\/index.php\/wp-json\/wp\/v2\/posts\/27648","targetHints":{"allow":["GET"]}}],"collection":[{"href":"https:\/\/www.portalalerta.com.br\/index.php\/wp-json\/wp\/v2\/posts"}],"about":[{"href":"https:\/\/www.portalalerta.com.br\/index.php\/wp-json\/wp\/v2\/types\/post"}],"author":[{"embeddable":true,"href":"https:\/\/www.portalalerta.com.br\/index.php\/wp-json\/wp\/v2\/users\/2"}],"replies":[{"embeddable":true,"href":"https:\/\/www.portalalerta.com.br\/index.php\/wp-json\/wp\/v2\/comments?post=27648"}],"version-history":[{"count":1,"href":"https:\/\/www.portalalerta.com.br\/index.php\/wp-json\/wp\/v2\/posts\/27648\/revisions"}],"predecessor-version":[{"id":27649,"href":"https:\/\/www.portalalerta.com.br\/index.php\/wp-json\/wp\/v2\/posts\/27648\/revisions\/27649"}],"wp:featuredmedia":[{"embeddable":true,"href":"https:\/\/www.portalalerta.com.br\/index.php\/wp-json\/wp\/v2\/media\/3236"}],"wp:attachment":[{"href":"https:\/\/www.portalalerta.com.br\/index.php\/wp-json\/wp\/v2\/media?parent=27648"}],"wp:term":[{"taxonomy":"category","embeddable":true,"href":"https:\/\/www.portalalerta.com.br\/index.php\/wp-json\/wp\/v2\/categories?post=27648"},{"taxonomy":"post_tag","embeddable":true,"href":"https:\/\/www.portalalerta.com.br\/index.php\/wp-json\/wp\/v2\/tags?post=27648"}],"curies":[{"name":"wp","href":"https:\/\/api.w.org\/{rel}","templated":true}]}}